{"id":180706,"date":"2019-08-17T20:09:03","date_gmt":"2019-08-17T23:09:03","guid":{"rendered":"https:\/\/www.redenoticia.com.br\/noticia\/?p=180706"},"modified":"2019-08-17T20:09:07","modified_gmt":"2019-08-17T23:09:07","slug":"resumo-novela-a-que-nao-podia-amar-19-08-gustavo-desconfia-de-bruno","status":"publish","type":"post","link":"https:\/\/migracao.redenoticia.com.br\/noticia\/2019\/resumo-novela-a-que-nao-podia-amar-19-08-gustavo-desconfia-de-bruno\/180706","title":{"rendered":"Resumo novela \u201cA Que N\u00e3o Podia Amar\u201d 19\/08: Gustavo desconfia de Bruno"},"content":{"rendered":"<p><strong><em><img loading=\"lazy\" decoding=\"async\" class=\"aligncenter size-large wp-image-173635\" src=\"https:\/\/migracao.redenoticia.com.br\/noticia\/imagens\/a-que-nao-podia-amar-400x271.jpg\" alt=\"\" width=\"400\" height=\"271\" srcset=\"https:\/\/migracao.redenoticia.com.br\/noticia\/imagens\/a-que-nao-podia-amar-400x271.jpg 400w, https:\/\/migracao.redenoticia.com.br\/noticia\/imagens\/a-que-nao-podia-amar-250x169.jpg 250w, https:\/\/migracao.redenoticia.com.br\/noticia\/imagens\/a-que-nao-podia-amar-560x379.jpg 560w, https:\/\/migracao.redenoticia.com.br\/noticia\/imagens\/a-que-nao-podia-amar.jpg 620w\" sizes=\"auto, (max-width: 400px) 100vw, 400px\" \/><\/em><\/strong><\/p>\n<p>Resumo da novela<strong><em> \u201cA Que N\u00e3o Podia Amar\u201d&nbsp;<\/em><\/strong> em 19\/08: no cap\u00edtulo 096(*) da novela, segunda-feira, 19 de agosto,  M\u00e1rcia faz suas malas e vai embora. Ulisses chora. Bruno tenta se justificar com Rog\u00e9rio, dizendo que s\u00f3 comprou as terras porque tentava recuperar o que um dia j\u00e1 foi seu. Ulisses conta a Consuelo que M\u00e1rcia foi embora do povoado. A mo\u00e7a fica chateada por ela ter partido sem nem se despedir. O delegado vai na fazenda e surpreende Gustavo e C\u00edntia ao contar que Rodrigo foi assassinado no pres\u00eddio.<\/p>\n<p>Rosa conversa com Ulisses sobre a morte de Mariana. Ela conta sobre seu projeto social de venda de artesanato ind\u00edgenas e pede para ele alugar um espa\u00e7o para que ela possa vender e aumentar mais a renda deles. Ele aceita. Ulisses \u00e9 informado sobre o assassinato de Rodrigo e fica chocado. Rog\u00e9rio diz a C\u00edntia que j\u00e1 est\u00e1 prestes a lhe dar sua parte da heran\u00e7a. Gustavo conta a Ana Paula e Dany que Rodrigo foi assassinado e agora jamais ir\u00e3o descobrir quem o contratou. Enquanto isso, Bruno paga um presidi\u00e1rio pelo servicinho que fez. C\u00edntia comemora com Vanessa que Rog\u00e9rio finalmente lhe dar\u00e1 sua parte da heran\u00e7a.<\/p>\n<p>Vanessa com a finalidade de conquistar Rog\u00e9rio, diz a C\u00edntia que vai vender as terras do rancho A Negra para o seu irm\u00e3o. Maria conversa com Ulisses sobre seu div\u00f3rcio. Maria aconselha Ulisses a conversar com M\u00e1rcia e conta sobre a hist\u00f3ria dela com Beto e como se arrepende de n\u00e3o ter feito as coisas diferentes. Chorando, Ulisses confessa que por mais que ame M\u00e1rcia, n\u00e3o consegue perdo\u00e1-la pela trai\u00e7\u00e3o. Vanessa explica a C\u00edntia que precisa vender as terras para Rog\u00e9rio para ganhar sua confian\u00e7a e diz que far\u00e1 tudo o que for preciso para isso. Gustavo conta para Rog\u00e9rio sobre suas desconfian\u00e7as de Bruno. Furiosa por Vanessa n\u00e3o querer vender as terras para ela, C\u00edntia diz que tudo o que deseja \u00e9 que Rog\u00e9rio consiga conquistar Ana Paula e expulse a filha de Elza da fazenda. Rog\u00e9rio diz a Gustavo que o mais importante agora \u00e9 que cada um deles respeitem seus respectivos casamentos.<\/p>\n<p>Rosaura liga para Bruno e diz que \u00e9 bem interessante que tanto David quanto Rodrigo tenham morrido convenientemente logo depois de ir para Tuxtla. O advogado responde dizendo que ele tem sorte, ao que a tia de Ana Paula rebate que ele \u00e9 do tipo que fabrica a pr\u00f3pria sorte. Na sequ\u00eancia, ela pede que Bruno volte o mais r\u00e1pido poss\u00edvel para lidarem com Gustavo. Enquanto isso, o engenheiro conta a Rog\u00e9rio sobre suas suspeitas de Rosaura e Bruno. Os dois est\u00e3o conversando quando C\u00edntia invade o escrit\u00f3rio e recrimina o irm\u00e3o por usar o amor de Vanessa para que ela venda as terras de A Negra para ele. Maria recrimina Elias por ter destru\u00eddo o casamento do seu melhor amigo.<\/p>\n<p>(*) edi\u00e7\u00e3o do SBT, Novela \u201cA Que N\u00e3o Podia Amar\u201d, sujeito a altera\u00e7\u00e3o de data e conte\u00fado.<\/p>\n<p>Destaques<\/p>\n<p>&#8220;A Que N\u00e3o Podia Amar&#8221;- Ana Paula, uma enfermeira humilde que se v\u00ea obrigada a trabalhar na casa de Rog\u00e9rio Montero (Jorge Salinas), um homem amargurado. Rog\u00e9rio sofre por ser parapl\u00e9gico e destrata todas as pessoas. Ana Paula atura tudo calada e o rica\u00e7o se apaixona por ela.<\/p>\n<p>Ana conhece Gustavo Duran (Jos\u00e9 Ron), um engenheiro nobre e trabalhador. Os dois se apaixonam, mas ter\u00e3o de enfrentar Rog\u00e9rio, j\u00e1 que ele tamb\u00e9m gosta da mocinha, formando assim, um tri\u00e2ngulo amoroso com terr\u00edveis consequ\u00eancias.<\/p>\n","protected":false},"excerpt":{"rendered":"<p>Resumo da novela \u201cA Que N\u00e3o Podia Amar\u201d&nbsp; em 19\/08: no cap\u00edtulo 096(*) da novela, segunda-feira, 19 de agosto, M\u00e1rcia faz suas malas e vai embora. Ulisses chora. Bruno tenta se justificar com Rog\u00e9rio, dizendo que s\u00f3 comprou as terras porque tentava recuperar o que um dia j\u00e1 foi seu. Ulisses conta a Consuelo que [&hellip;]<\/p>\n","protected":false},"author":2,"featured_media":173627,"comment_status":"open","ping_status":"closed","sticky":false,"template":"","format":"standard","meta":{"tdm_status":"","tdm_grid_status":"","footnotes":""},"categories":[379,372,343],"tags":[441],"class_list":{"0":"post-180706","1":"post","2":"type-post","3":"status-publish","4":"format-standard","5":"has-post-thumbnail","7":"category-novelas","8":"category-sbt","9":"category-televisao","10":"tag-resumo-do-dia"},"_links":{"self":[{"href":"https:\/\/migracao.redenoticia.com.br\/noticia\/wp-json\/wp\/v2\/posts\/180706","targetHints":{"allow":["GET"]}}],"collection":[{"href":"https:\/\/migracao.redenoticia.com.br\/noticia\/wp-json\/wp\/v2\/posts"}],"about":[{"href":"https:\/\/migracao.redenoticia.com.br\/noticia\/wp-json\/wp\/v2\/types\/post"}],"author":[{"embeddable":true,"href":"https:\/\/migracao.redenoticia.com.br\/noticia\/wp-json\/wp\/v2\/users\/2"}],"replies":[{"embeddable":true,"href":"https:\/\/migracao.redenoticia.com.br\/noticia\/wp-json\/wp\/v2\/comments?post=180706"}],"version-history":[{"count":0,"href":"https:\/\/migracao.redenoticia.com.br\/noticia\/wp-json\/wp\/v2\/posts\/180706\/revisions"}],"wp:featuredmedia":[{"embeddable":true,"href":"https:\/\/migracao.redenoticia.com.br\/noticia\/wp-json\/wp\/v2\/media\/173627"}],"wp:attachment":[{"href":"https:\/\/migracao.redenoticia.com.br\/noticia\/wp-json\/wp\/v2\/media?parent=180706"}],"wp:term":[{"taxonomy":"category","embeddable":true,"href":"https:\/\/migracao.redenoticia.com.br\/noticia\/wp-json\/wp\/v2\/categories?post=180706"},{"taxonomy":"post_tag","embeddable":true,"href":"https:\/\/migracao.redenoticia.com.br\/noticia\/wp-json\/wp\/v2\/tags?post=180706"}],"curies":[{"name":"wp","href":"https:\/\/api.w.org\/{rel}","templated":true}]}}