{"id":180707,"date":"2019-08-17T20:05:02","date_gmt":"2019-08-17T23:05:02","guid":{"rendered":"https:\/\/www.redenoticia.com.br\/noticia\/?p=180707"},"modified":"2019-08-17T20:05:11","modified_gmt":"2019-08-17T23:05:11","slug":"resumo-novela-a-dona-19-08-rodrigo-diz-que-jose-miguel-esta-morto","status":"publish","type":"post","link":"https:\/\/migracao.redenoticia.com.br\/noticia\/2019\/resumo-novela-a-dona-19-08-rodrigo-diz-que-jose-miguel-esta-morto\/180707","title":{"rendered":"Resumo novela \u201cA Dona\u201d 19\/08: Rodrigo diz que Jos\u00e9 Miguel est\u00e1 morto"},"content":{"rendered":"<p><img loading=\"lazy\" decoding=\"async\" class=\"aligncenter size-large wp-image-173633\" src=\"https:\/\/migracao.redenoticia.com.br\/noticia\/imagens\/a-dona-270x300.jpg\" alt=\"\" width=\"270\" height=\"300\" srcset=\"https:\/\/migracao.redenoticia.com.br\/noticia\/imagens\/a-dona-270x300.jpg 270w, https:\/\/migracao.redenoticia.com.br\/noticia\/imagens\/a-dona-168x187.jpg 168w, https:\/\/migracao.redenoticia.com.br\/noticia\/imagens\/a-dona.jpg 380w\" sizes=\"auto, (max-width: 270px) 100vw, 270px\" \/>Resumo da novela <strong><em>\u201cA Dona&#8221;<\/em><\/strong> em 19\/08: no cap\u00edtulo 101(*) da novela, segunda-feira, 19 de agosto, Leonor diz a Ivana que apenas a suportou por sua suposta gravidez, mas que est\u00e1 certa que isso tudo foi uma inven\u00e7\u00e3o de sua mente doente e que se ela n\u00e3o sair imediatamente de sua casa, Jos\u00e9 Miguel ficar\u00e1 a par de tudo. Ivana responde que tamb\u00e9m o dir\u00e1 umas verdades, inclusive que sua m\u00e3e foi amante de Rodrigo. Hip\u00f3crita, Ivana diz a Jos\u00e9 que o libera de todos os compromissos e estar\u00e1 voltando a fazenda &#8220;Os Carac\u00f3is&#8221;, que seu amor por ele \u00e9 t\u00e3o grande que prefere v\u00ea-lo feliz, mesmo que distante dela. Rodrigo confessa a Valentina que assassinou Frederico. Alonso e Jos\u00e9 Miguel est\u00e3o a ponto de encontrar o esconderijo onde Rodrigo est\u00e1 com Valentina.<\/p>\n<p>Rodrigo provoca um deslize de terras para que Jos\u00e9 Miguel e Alonso morram soterrados, mas Jos\u00e9 Miguel sai ileso dessa armadilha de Rodrigo e Alonso sai com uma perna machucada. Ivana pensa em voltar a fazenda &#8216;Os Carac\u00f3is&#8217; antes que Leonor se d\u00ea conta que ela n\u00e3o est\u00e1 gr\u00e1vida. Leonor leva um teste de gravidez para Ivana e pede que antes de ir embora ter\u00e1 que faz\u00ea-lo. Ivana se recusa e diz que pouco a importa o que Leonor ache a seu respeito. Valentina, gravemente doente, cospe na cara de Rodrigo e o chama de assassino. Ele diz que Jos\u00e9 Miguel est\u00e1 morto.<\/p>\n<p>Rodrigo lhe diz que por bem ou por mal ser\u00e1 sua mulher. Ivana volta a fazenda &#8216;Os Carac\u00f3is&#8217; e finge arrependimento perante Isabel. Ela pede que a m\u00e3e arrume junto a Ernesto uma alta quantia em dinheiro, pois quer se internar em uma cl\u00ednica de reabilita\u00e7\u00e3o mental no exterior. Ernesto diz a Isabel que devem apoiar Ivana, mas que antes precisam saber que cl\u00ednica Ivana escolheu para ver se conseguem acertar essa interna\u00e7\u00e3o. Hor\u00e1cio diz a Gabriela que a ama e quer passar o resto de sua vida com ela. Gabriela recebe, emocionada, um anel de compromisso e um pedido de casamento. Chorando, ela responde que aceita o pedido.<\/p>\n<p>(*) edi\u00e7\u00e3o do SBT, Novela \u201cA Dona\u201d, sujeito a altera\u00e7\u00e3o de data e conte\u00fado.<\/p>\n<p>Destaques<\/p>\n<p>&#8220;A Dona&#8221; &#8211; Valentina Vila\u00e7a (Lucero) \u00e9 uma mulher que tem uma grande fortuna, que seus pais deixaram para ela quando morreram em um acidente de carro. Ela tem uma mans\u00e3o na Cidade do M\u00e9xico, onde vive com sua tia Isabel Rangel de Dorantes (Silvia Pinal), e sua prima Ivana Dorantes Rangel (Gabriela Spanic) que trata Valentina com muita indiferen\u00e7a e sente inveja dela.<\/p>\n<p>Tudo muda para Valentina quando seu noivo Alonso Penalva (David Zepeda), tramando com Ivana no dia de seu casamento, a deixa esperando no altar. A partir da\u00ed, Valentina se torna uma mulher amarga, e vai para sua fazenda, no interior. Chegando l\u00e1, ela conhece seu vizinho Jos\u00e9 Miguel Montesinos (Fernando Colunga).<\/p>\n","protected":false},"excerpt":{"rendered":"<p>Resumo da novela \u201cA Dona&#8221; em 19\/08: no cap\u00edtulo 101(*) da novela, segunda-feira, 19 de agosto, Leonor diz a Ivana que apenas a suportou por sua suposta gravidez, mas que est\u00e1 certa que isso tudo foi uma inven\u00e7\u00e3o de sua mente doente e que se ela n\u00e3o sair imediatamente de sua casa, Jos\u00e9 Miguel ficar\u00e1 [&hellip;]<\/p>\n","protected":false},"author":2,"featured_media":173626,"comment_status":"open","ping_status":"closed","sticky":false,"template":"","format":"standard","meta":{"tdm_status":"","tdm_grid_status":"","footnotes":""},"categories":[379,372,343],"tags":[441],"class_list":{"0":"post-180707","1":"post","2":"type-post","3":"status-publish","4":"format-standard","5":"has-post-thumbnail","7":"category-novelas","8":"category-sbt","9":"category-televisao","10":"tag-resumo-do-dia"},"_links":{"self":[{"href":"https:\/\/migracao.redenoticia.com.br\/noticia\/wp-json\/wp\/v2\/posts\/180707","targetHints":{"allow":["GET"]}}],"collection":[{"href":"https:\/\/migracao.redenoticia.com.br\/noticia\/wp-json\/wp\/v2\/posts"}],"about":[{"href":"https:\/\/migracao.redenoticia.com.br\/noticia\/wp-json\/wp\/v2\/types\/post"}],"author":[{"embeddable":true,"href":"https:\/\/migracao.redenoticia.com.br\/noticia\/wp-json\/wp\/v2\/users\/2"}],"replies":[{"embeddable":true,"href":"https:\/\/migracao.redenoticia.com.br\/noticia\/wp-json\/wp\/v2\/comments?post=180707"}],"version-history":[{"count":0,"href":"https:\/\/migracao.redenoticia.com.br\/noticia\/wp-json\/wp\/v2\/posts\/180707\/revisions"}],"wp:featuredmedia":[{"embeddable":true,"href":"https:\/\/migracao.redenoticia.com.br\/noticia\/wp-json\/wp\/v2\/media\/173626"}],"wp:attachment":[{"href":"https:\/\/migracao.redenoticia.com.br\/noticia\/wp-json\/wp\/v2\/media?parent=180707"}],"wp:term":[{"taxonomy":"category","embeddable":true,"href":"https:\/\/migracao.redenoticia.com.br\/noticia\/wp-json\/wp\/v2\/categories?post=180707"},{"taxonomy":"post_tag","embeddable":true,"href":"https:\/\/migracao.redenoticia.com.br\/noticia\/wp-json\/wp\/v2\/tags?post=180707"}],"curies":[{"name":"wp","href":"https:\/\/api.w.org\/{rel}","templated":true}]}}