{"id":180758,"date":"2019-12-22T21:39:29","date_gmt":"2019-12-23T00:39:29","guid":{"rendered":"https:\/\/www.redenoticia.com.br\/noticia\/?p=180758"},"modified":"2019-12-23T08:15:49","modified_gmt":"2019-12-23T11:15:49","slug":"danca-dos-famosos-2019-enquete-qual-artista-deve-conquistar-o-trofeu","status":"publish","type":"post","link":"https:\/\/migracao.redenoticia.com.br\/noticia\/2019\/danca-dos-famosos-2019-enquete-qual-artista-deve-conquistar-o-trofeu\/180758","title":{"rendered":"&#8220;Dan\u00e7a dos Famosos&#8221; 2019 enquete: qual artista deve ficar com o trof\u00e9u?"},"content":{"rendered":"<p><strong><em>&#8220;Dan\u00e7a dos Famosos&#8221;<\/em><\/strong> enquete: o quadro \u00e9 exibido pelo Doming\u00e3o do Faust\u00e3o desde 20 de novembro de 2005. &#8220;Dan\u00e7a dos Famosos&#8221; teve como vencedores Karina Bacchi, Juliana Didone, Robson Caetano, Rodrigo Hilbert, Christiane Torloni, Paolla Oliveira, Fernanda Souza, Miguel Roncato, Rodrigo Simas, Carol Castro, Marcello Melo Jr, Viviane Ara\u00fajo, Felipe Simas, Maria Joana e Leo Jaime.<\/p>\n<p><img loading=\"lazy\" decoding=\"async\" class=\"aligncenter size-large wp-image-180760\" src=\"https:\/\/migracao.redenoticia.com.br\/noticia\/imagens\/danca-dos-famosos-globo-faustao-enquete-347x300.jpg\" alt=\"\" width=\"347\" height=\"300\" srcset=\"https:\/\/migracao.redenoticia.com.br\/noticia\/imagens\/danca-dos-famosos-globo-faustao-enquete-347x300.jpg 347w, https:\/\/migracao.redenoticia.com.br\/noticia\/imagens\/danca-dos-famosos-globo-faustao-enquete-216x187.jpg 216w, https:\/\/migracao.redenoticia.com.br\/noticia\/imagens\/danca-dos-famosos-globo-faustao-enquete-534x462.jpg 534w, https:\/\/migracao.redenoticia.com.br\/noticia\/imagens\/danca-dos-famosos-globo-faustao-enquete.jpg 575w\" sizes=\"auto, (max-width: 347px) 100vw, 347px\" \/><\/p>\n<p>Em 08\/12, Dandara Mariana alcan\u00e7ou a maior pontua\u00e7\u00e3o e foi consagrada uma das finalistas do Dan\u00e7a dos Famosos. Al\u00e9m dela, Jonathan Azevedo e Kaysar Dadour completaram o time. A atriz Regiane Alves teve a menor pontua\u00e7\u00e3o e foi eliminada. Dandara, Jonathan e Kaysar treinaram valsa e tango para brilharem na grande final. Em 22\/12, Kaysar conquistou maior pontua\u00e7\u00e3o no ranking e o t\u00edtulo de campe\u00e3o.<\/p>\n<p>Resultado da vota\u00e7\u00e3o:<\/p>\n<p><script type=\"text\/javascript\" charset=\"utf-8\" data-cfasync=\"false\" src=\"https:\/\/secure.polldaddy.com\/p\/10388799.js\"><\/script><br \/>\n<noscript><a href=\"https:\/\/poll.fm\/10388799\">&#8220;Dan\u00e7a dos Famosos&#8221; 2019 enquete: qual artista deve conquistar o trof\u00e9u?<\/a><\/noscript><\/p>\n<p>&#8220;Dan\u00e7a dos Famosos&#8221; \u00e9 a vers\u00e3o brasileira do talent show brit\u00e2nico, Strictly Come Dancing. V\u00e1rias celebridades competem interpretando dan\u00e7a de sal\u00e3o. Eles se apresentam para uma banca composta por 5 jurados, onde 3 deles fazem parte do j\u00fari art\u00edstico e 2 do j\u00fari t\u00e9cnico. A plateia do programa e os telespectadores tamb\u00e9m podem votar, avaliando cada casal.<\/p>\n","protected":false},"excerpt":{"rendered":"<p>&#8220;Dan\u00e7a dos Famosos&#8221; enquete: o quadro \u00e9 exibido pelo Doming\u00e3o do Faust\u00e3o desde 20 de novembro de 2005. &#8220;Dan\u00e7a dos Famosos&#8221; teve como vencedores Karina Bacchi, Juliana Didone, Robson Caetano, Rodrigo Hilbert, Christiane Torloni, Paolla Oliveira, Fernanda Souza, Miguel Roncato, Rodrigo Simas, Carol Castro, Marcello Melo Jr, Viviane Ara\u00fajo, Felipe Simas, Maria Joana e Leo [&hellip;]<\/p>\n","protected":false},"author":2,"featured_media":180759,"comment_status":"open","ping_status":"closed","sticky":false,"template":"","format":"standard","meta":{"tdm_status":"","tdm_grid_status":"","footnotes":""},"categories":[375,343],"tags":[521],"class_list":{"0":"post-180758","1":"post","2":"type-post","3":"status-publish","4":"format-standard","5":"has-post-thumbnail","7":"category-rede-globo","8":"category-televisao","9":"tag-enquete"},"_links":{"self":[{"href":"https:\/\/migracao.redenoticia.com.br\/noticia\/wp-json\/wp\/v2\/posts\/180758","targetHints":{"allow":["GET"]}}],"collection":[{"href":"https:\/\/migracao.redenoticia.com.br\/noticia\/wp-json\/wp\/v2\/posts"}],"about":[{"href":"https:\/\/migracao.redenoticia.com.br\/noticia\/wp-json\/wp\/v2\/types\/post"}],"author":[{"embeddable":true,"href":"https:\/\/migracao.redenoticia.com.br\/noticia\/wp-json\/wp\/v2\/users\/2"}],"replies":[{"embeddable":true,"href":"https:\/\/migracao.redenoticia.com.br\/noticia\/wp-json\/wp\/v2\/comments?post=180758"}],"version-history":[{"count":0,"href":"https:\/\/migracao.redenoticia.com.br\/noticia\/wp-json\/wp\/v2\/posts\/180758\/revisions"}],"wp:featuredmedia":[{"embeddable":true,"href":"https:\/\/migracao.redenoticia.com.br\/noticia\/wp-json\/wp\/v2\/media\/180759"}],"wp:attachment":[{"href":"https:\/\/migracao.redenoticia.com.br\/noticia\/wp-json\/wp\/v2\/media?parent=180758"}],"wp:term":[{"taxonomy":"category","embeddable":true,"href":"https:\/\/migracao.redenoticia.com.br\/noticia\/wp-json\/wp\/v2\/categories?post=180758"},{"taxonomy":"post_tag","embeddable":true,"href":"https:\/\/migracao.redenoticia.com.br\/noticia\/wp-json\/wp\/v2\/tags?post=180758"}],"curies":[{"name":"wp","href":"https:\/\/api.w.org\/{rel}","templated":true}]}}