{"id":180763,"date":"2019-08-22T18:13:03","date_gmt":"2019-08-22T21:13:03","guid":{"rendered":"https:\/\/www.redenoticia.com.br\/noticia\/?p=180763"},"modified":"2019-08-22T23:45:32","modified_gmt":"2019-08-23T02:45:32","slug":"novela-orfaos-da-terra-sara-da-susto-em-ali-e-e-atendida-no-hospital","status":"publish","type":"post","link":"https:\/\/migracao.redenoticia.com.br\/noticia\/2019\/novela-orfaos-da-terra-sara-da-susto-em-ali-e-e-atendida-no-hospital\/180763","title":{"rendered":"Novela \u201c\u00d3rf\u00e3os da Terra\u201d: Sara d\u00e1 susto em Ali e \u00e9 atendida no hospital"},"content":{"rendered":"<p><strong><em><img loading=\"lazy\" decoding=\"async\" class=\"aligncenter size-large wp-image-173640\" src=\"https:\/\/migracao.redenoticia.com.br\/noticia\/imagens\/orfaos-da-terra-novela-resumo-358x300.jpg\" alt=\"\" width=\"358\" height=\"300\" srcset=\"https:\/\/migracao.redenoticia.com.br\/noticia\/imagens\/orfaos-da-terra-novela-resumo-358x300.jpg 358w, https:\/\/migracao.redenoticia.com.br\/noticia\/imagens\/orfaos-da-terra-novela-resumo-223x187.jpg 223w, https:\/\/migracao.redenoticia.com.br\/noticia\/imagens\/orfaos-da-terra-novela-resumo.jpg 360w\" sizes=\"auto, (max-width: 358px) 100vw, 358px\" \/><\/em><\/strong><\/p>\n<p><strong><em>Novela \u201c\u00d3rf\u00e3os da Terra\u201d:<\/em><\/strong> Sara (Ver\u00f4nica Debom) desmaia e Ali (Mouhamed Harfouch) a socorre. Ela descobre que est\u00e1 gr\u00e1vida, mas dias depois ela volta ao hospital e Faruq (Eduardo Mossri) a examina. O m\u00e9dico aconselha Ali a levar Sara para o hospital de Let\u00edcia (Paula Burlamaqui).<\/p>\n<p>No local, a m\u00e9dica informa que ela est\u00e1 gr\u00e1vida de g\u00eameos e que \u00e9 uma gravidez de risco. Sara passa a ser mimada pelo marido e por Eva (Betty Gofman). Cena prevista para dia 23 na novela \u201c\u00d3rf\u00e3os da Terra\u201d.<\/p>\n<p>Novela \u201c\u00d3rf\u00e3os da Terra\u201d &#8211; A hist\u00f3ria se inicia na S\u00edria, onde Missade (Ana Cec\u00edlia Costa) e Elias (Marco Ricca) vivem com seus filhos Laila (Julia Dalavia) e Khaled (Rodrigo Vidal) at\u00e9 serem v\u00edtimas da guerra e terem que se refugiar no L\u00edbano. Com o irm\u00e3o gravemente ferido e a fam\u00edlia presa num campo de concentra\u00e7\u00e3o, Laila aceita se casar com o sheik Aziz (Herson Capri) \u2013 um homem cruel e muito mais velho \u2013 em troca de dinheiro para pagar o tratamento m\u00e9dico.<\/p>\n<p>Por\u00e9m, o menino falece e a mo\u00e7a decide fugir para o Brasil com seus pais na noite de n\u00fapcias, antes do casamento ser consumado, indo morar com seus tios, R\u00e2nia (Eliane Giardini) e Miguel (Paulo Betti). Irritado, o sheik manda Jammil (Renato G\u00f3es), seu bra\u00e7o-direito e noivo de sua filha, Dalila (Alice Wegmann), buscar a mo\u00e7a e traz\u00ea-la a for\u00e7a, por\u00e9m os dois acabam se apaixonando e se tornam fugitivos da fam\u00edlia Abdallah.<\/p>\n","protected":false},"excerpt":{"rendered":"<p>Novela \u201c\u00d3rf\u00e3os da Terra\u201d: Sara (Ver\u00f4nica Debom) desmaia e Ali (Mouhamed Harfouch) a socorre. Ela descobre que est\u00e1 gr\u00e1vida, mas dias depois ela volta ao hospital e Faruq (Eduardo Mossri) a examina. O m\u00e9dico aconselha Ali a levar Sara para o hospital de Let\u00edcia (Paula Burlamaqui). No local, a m\u00e9dica informa que ela est\u00e1 gr\u00e1vida [&hellip;]<\/p>\n","protected":false},"author":2,"featured_media":174198,"comment_status":"open","ping_status":"closed","sticky":false,"template":"","format":"standard","meta":{"tdm_status":"","tdm_grid_status":"","footnotes":""},"categories":[388,379,540,375,343],"tags":[440],"class_list":{"0":"post-180763","1":"post","2":"type-post","3":"status-publish","4":"format-standard","5":"has-post-thumbnail","7":"category-destaques","8":"category-novelas","9":"category-orfaos-da-terra","10":"category-rede-globo","11":"category-televisao","12":"tag-noticia-novela"},"_links":{"self":[{"href":"https:\/\/migracao.redenoticia.com.br\/noticia\/wp-json\/wp\/v2\/posts\/180763","targetHints":{"allow":["GET"]}}],"collection":[{"href":"https:\/\/migracao.redenoticia.com.br\/noticia\/wp-json\/wp\/v2\/posts"}],"about":[{"href":"https:\/\/migracao.redenoticia.com.br\/noticia\/wp-json\/wp\/v2\/types\/post"}],"author":[{"embeddable":true,"href":"https:\/\/migracao.redenoticia.com.br\/noticia\/wp-json\/wp\/v2\/users\/2"}],"replies":[{"embeddable":true,"href":"https:\/\/migracao.redenoticia.com.br\/noticia\/wp-json\/wp\/v2\/comments?post=180763"}],"version-history":[{"count":0,"href":"https:\/\/migracao.redenoticia.com.br\/noticia\/wp-json\/wp\/v2\/posts\/180763\/revisions"}],"wp:featuredmedia":[{"embeddable":true,"href":"https:\/\/migracao.redenoticia.com.br\/noticia\/wp-json\/wp\/v2\/media\/174198"}],"wp:attachment":[{"href":"https:\/\/migracao.redenoticia.com.br\/noticia\/wp-json\/wp\/v2\/media?parent=180763"}],"wp:term":[{"taxonomy":"category","embeddable":true,"href":"https:\/\/migracao.redenoticia.com.br\/noticia\/wp-json\/wp\/v2\/categories?post=180763"},{"taxonomy":"post_tag","embeddable":true,"href":"https:\/\/migracao.redenoticia.com.br\/noticia\/wp-json\/wp\/v2\/tags?post=180763"}],"curies":[{"name":"wp","href":"https:\/\/api.w.org\/{rel}","templated":true}]}}