{"id":180764,"date":"2019-09-20T21:25:44","date_gmt":"2019-09-21T00:25:44","guid":{"rendered":"https:\/\/www.redenoticia.com.br\/noticia\/?p=180764"},"modified":"2019-09-30T19:15:40","modified_gmt":"2019-09-30T22:15:40","slug":"novela-bom-sucesso-alberto-enfrenta-feitosa","status":"publish","type":"post","link":"https:\/\/migracao.redenoticia.com.br\/noticia\/2019\/novela-bom-sucesso-alberto-enfrenta-feitosa\/180764","title":{"rendered":"Novela \u201cBom Sucesso\u201d: Alberto enfrenta\u00a0Feitosa"},"content":{"rendered":"<p><strong><em>Novela \u201cBom Sucesso\u201d:<\/em><\/strong> Feitosa (Jonas Bloch) e Diogo (Armando Babaioff) preparam uma arma\u00e7\u00e3o para incriminar Paloma (Grazi Massafera). Diogo obriga Alberto (Antonio Fagundes) a demiti-la. Feitosa procura a costureira e conta que Alberto roubou a noiva dele e perdeua \u00fanica c\u00f3pia do livro que ele escreveu. Feitosa tamb\u00e9m conta que emprestou seu dinheiro para Alberto comprar a editora, mas foi expulso da sociedade.<\/p>\n<p><img loading=\"lazy\" decoding=\"async\" class=\"aligncenter size-large wp-image-179426\" src=\"https:\/\/migracao.redenoticia.com.br\/noticia\/imagens\/Bom-Sucesso-resumo-novela-00-300x300.jpg\" alt=\"\" width=\"300\" height=\"300\" srcset=\"https:\/\/migracao.redenoticia.com.br\/noticia\/imagens\/Bom-Sucesso-resumo-novela-00-300x300.jpg 300w, https:\/\/migracao.redenoticia.com.br\/noticia\/imagens\/Bom-Sucesso-resumo-novela-00-187x187.jpg 187w, https:\/\/migracao.redenoticia.com.br\/noticia\/imagens\/Bom-Sucesso-resumo-novela-00.jpg 666w\" sizes=\"auto, (max-width: 300px) 100vw, 300px\" \/><\/p>\n<p>Logo depois os rivais se encontram e Alberto pede desculpas: &#8220;A Cec\u00edlia j\u00e1 se foi, minha editora est\u00e1 cheia de d\u00edvidas e eu estou \u00e0 beira da morte. Se a sua ideia era se vingar de mim, o tempo j\u00e1 cuidou disso. O que mais voc\u00ea quer?&#8221;. Feitosa admite: &#8220;Quero fazer voc\u00ea sofrer como eu sofri&#8230; Primeiro vou te humilhar publicamente e depois, vou cuspir no seu caix\u00e3o, Alberto Prado Monteiro&#8221;. Cena prevista para setembro na novela \u201cBom Sucesso\u201d.<\/p>\n<p>Sinopse \u201cBom Sucesso\u201d: a novela trata do valor de cada minuto da vida e traz a mensagem de perseveran\u00e7a, f\u00e9 e garra. Escrita por Rosane Svartman e Paulo Halm e com dire\u00e7\u00e3o art\u00edstica de Luiz Henrique Rios, a sucessora de Ver\u00e3o 90 apresenta a hist\u00f3ria de Paloma (Grazi Massafera), uma mulher determinada, sonhadora e com uma f\u00e9 inabal\u00e1vel.<\/p>\n<p>Costureira, ela trabalha e cria tr\u00eas filhos sozinha. Mora no bairro de Bonsucesso, no sub\u00farbio do Rio de Janeiro, e ama frequentar a quadra da escola de samba da regi\u00e3o, a Unidos de Bom Sucesso. Apesar da dura rotina, Paloma consegue manter uma grande paix\u00e3o: a leitura. E, ao mergulhar no universo dos livros, se transporta para os mundos fant\u00e1sticos que as hist\u00f3rias proporcionam.<\/p>\n","protected":false},"excerpt":{"rendered":"<p>Novela \u201cBom Sucesso\u201d: Feitosa (Jonas Bloch) e Diogo (Armando Babaioff) preparam uma arma\u00e7\u00e3o para incriminar Paloma (Grazi Massafera). Diogo obriga Alberto (Antonio Fagundes) a demiti-la. Feitosa procura a costureira e conta que Alberto roubou a noiva dele e perdeua \u00fanica c\u00f3pia do livro que ele escreveu. Feitosa tamb\u00e9m conta que emprestou seu dinheiro para Alberto [&hellip;]<\/p>\n","protected":false},"author":2,"featured_media":179421,"comment_status":"open","ping_status":"closed","sticky":false,"template":"","format":"standard","meta":{"tdm_status":"","tdm_grid_status":"","footnotes":""},"categories":[546,379,375,343],"tags":[440],"class_list":{"0":"post-180764","1":"post","2":"type-post","3":"status-publish","4":"format-standard","5":"has-post-thumbnail","7":"category-bom-sucesso","8":"category-novelas","9":"category-rede-globo","10":"category-televisao","11":"tag-noticia-novela"},"_links":{"self":[{"href":"https:\/\/migracao.redenoticia.com.br\/noticia\/wp-json\/wp\/v2\/posts\/180764","targetHints":{"allow":["GET"]}}],"collection":[{"href":"https:\/\/migracao.redenoticia.com.br\/noticia\/wp-json\/wp\/v2\/posts"}],"about":[{"href":"https:\/\/migracao.redenoticia.com.br\/noticia\/wp-json\/wp\/v2\/types\/post"}],"author":[{"embeddable":true,"href":"https:\/\/migracao.redenoticia.com.br\/noticia\/wp-json\/wp\/v2\/users\/2"}],"replies":[{"embeddable":true,"href":"https:\/\/migracao.redenoticia.com.br\/noticia\/wp-json\/wp\/v2\/comments?post=180764"}],"version-history":[{"count":0,"href":"https:\/\/migracao.redenoticia.com.br\/noticia\/wp-json\/wp\/v2\/posts\/180764\/revisions"}],"wp:featuredmedia":[{"embeddable":true,"href":"https:\/\/migracao.redenoticia.com.br\/noticia\/wp-json\/wp\/v2\/media\/179421"}],"wp:attachment":[{"href":"https:\/\/migracao.redenoticia.com.br\/noticia\/wp-json\/wp\/v2\/media?parent=180764"}],"wp:term":[{"taxonomy":"category","embeddable":true,"href":"https:\/\/migracao.redenoticia.com.br\/noticia\/wp-json\/wp\/v2\/categories?post=180764"},{"taxonomy":"post_tag","embeddable":true,"href":"https:\/\/migracao.redenoticia.com.br\/noticia\/wp-json\/wp\/v2\/tags?post=180764"}],"curies":[{"name":"wp","href":"https:\/\/api.w.org\/{rel}","templated":true}]}}