{"id":1808,"date":"2009-05-20T16:13:43","date_gmt":"2009-05-20T20:13:43","guid":{"rendered":"http:\/\/www.redenoticia.com.br\/noticia\/?p=1808"},"modified":"2009-05-20T17:40:41","modified_gmt":"2009-05-20T21:40:41","slug":"abertura-da-conferencia-da-igualdade-racial","status":"publish","type":"post","link":"https:\/\/migracao.redenoticia.com.br\/noticia\/2009\/abertura-da-conferencia-da-igualdade-racial\/1808","title":{"rendered":"Abertura da Confer\u00eancia da Igualdade Racial em Porto Velho"},"content":{"rendered":"<p><span style=\"color: #ff0000;\"><span style=\"color: #000000;\">Ser\u00e1 realizada na noite desta quarta-feira (20) a partir das 19:00h, no Hotel Rondon em Porto Velho, a solenidade de abertura da II Confer\u00eancia Estadual de Promo\u00e7\u00e3o da Igualdade Racial que termina na pr\u00f3xima sexta-feira (22).<\/span><\/span><\/p>\n<p>O evento reunir\u00e1 representantes de todos os munic\u00edpios rondonienses, que j\u00e1 realizaram as suas confer\u00eancias municipais, e v\u00e3o trazer para a plen\u00e1ria da Capital, as delibera\u00e7\u00f5es dos seus respectivos f\u00f3runs.<\/p>\n<p>Durante a programa\u00e7\u00e3o que contar\u00e1 com a presen\u00e7a dos representantes da Secretaria Especial de Pol\u00edticas de Promo\u00e7\u00e3o da Igualdade Racia da Presid\u00eancia da Rep\u00fablica  El\u00f3i Ferreira, (secret\u00e1rio \u2013 adjunto) e Sandra Cabral (chefe de Gabinete do ministro da Secretaria Especial de Pol\u00edticas de Promo\u00e7\u00e3o da Igualdade Racial, Edson Santos) ser\u00e3o eleitos os delegados de Rond\u00f4nia para representar o Estado na Confer\u00eancia Nacional que acontece de 25 a 28 do pr\u00f3ximo m\u00eas no Centro de Conven\u00e7\u00f5es Ulisses Guimar\u00e3es em Bras\u00edlia.<\/p>\n<p>Fonte: DECOM<\/p>\n","protected":false},"excerpt":{"rendered":"<p>Ser\u00e1 realizada na noite desta quarta-feira (20) a partir das 19:00h, no Hotel Rondon em Porto Velho, a solenidade de abertura da II Confer\u00eancia Estadual de Promo\u00e7\u00e3o da Igualdade Racial que termina na pr\u00f3xima sexta-feira (22). O evento reunir\u00e1 representantes de todos os munic\u00edpios rondonienses, que j\u00e1 realizaram as suas confer\u00eancias municipais, e v\u00e3o trazer [&hellip;]<\/p>\n","protected":false},"author":2,"featured_media":0,"comment_status":"open","ping_status":"open","sticky":false,"template":"","format":"standard","meta":{"tdm_status":"","tdm_grid_status":"","footnotes":""},"categories":[22],"tags":[],"class_list":{"0":"post-1808","1":"post","2":"type-post","3":"status-publish","4":"format-standard","6":"category-brasil"},"_links":{"self":[{"href":"https:\/\/migracao.redenoticia.com.br\/noticia\/wp-json\/wp\/v2\/posts\/1808","targetHints":{"allow":["GET"]}}],"collection":[{"href":"https:\/\/migracao.redenoticia.com.br\/noticia\/wp-json\/wp\/v2\/posts"}],"about":[{"href":"https:\/\/migracao.redenoticia.com.br\/noticia\/wp-json\/wp\/v2\/types\/post"}],"author":[{"embeddable":true,"href":"https:\/\/migracao.redenoticia.com.br\/noticia\/wp-json\/wp\/v2\/users\/2"}],"replies":[{"embeddable":true,"href":"https:\/\/migracao.redenoticia.com.br\/noticia\/wp-json\/wp\/v2\/comments?post=1808"}],"version-history":[{"count":0,"href":"https:\/\/migracao.redenoticia.com.br\/noticia\/wp-json\/wp\/v2\/posts\/1808\/revisions"}],"wp:attachment":[{"href":"https:\/\/migracao.redenoticia.com.br\/noticia\/wp-json\/wp\/v2\/media?parent=1808"}],"wp:term":[{"taxonomy":"category","embeddable":true,"href":"https:\/\/migracao.redenoticia.com.br\/noticia\/wp-json\/wp\/v2\/categories?post=1808"},{"taxonomy":"post_tag","embeddable":true,"href":"https:\/\/migracao.redenoticia.com.br\/noticia\/wp-json\/wp\/v2\/tags?post=1808"}],"curies":[{"name":"wp","href":"https:\/\/api.w.org\/{rel}","templated":true}]}}