{"id":180822,"date":"2019-08-20T12:40:33","date_gmt":"2019-08-20T15:40:33","guid":{"rendered":"https:\/\/www.redenoticia.com.br\/noticia\/?p=180822"},"modified":"2019-08-20T12:40:40","modified_gmt":"2019-08-20T15:40:40","slug":"resumo-novela-cumplices-de-um-resgate-21-08-isabela-volta-a-enganar-regina","status":"publish","type":"post","link":"https:\/\/migracao.redenoticia.com.br\/noticia\/2019\/resumo-novela-cumplices-de-um-resgate-21-08-isabela-volta-a-enganar-regina\/180822","title":{"rendered":"Resumo novela \u201cC\u00famplices de um Resgate\u201d 21\/08: Isabela volta a enganar Regina"},"content":{"rendered":"<p><img loading=\"lazy\" decoding=\"async\" class=\"aligncenter size-large wp-image-164526\" src=\"https:\/\/migracao.redenoticia.com.br\/noticia\/imagens\/cumplices-de-um-resgate-001-316x300.jpg\" alt=\"\" width=\"316\" height=\"300\" srcset=\"https:\/\/migracao.redenoticia.com.br\/noticia\/imagens\/cumplices-de-um-resgate-001-316x300.jpg 316w, https:\/\/migracao.redenoticia.com.br\/noticia\/imagens\/cumplices-de-um-resgate-001-197x187.jpg 197w, https:\/\/migracao.redenoticia.com.br\/noticia\/imagens\/cumplices-de-um-resgate-001-150x143.jpg 150w, https:\/\/migracao.redenoticia.com.br\/noticia\/imagens\/cumplices-de-um-resgate-001.jpg 526w\" sizes=\"auto, (max-width: 316px) 100vw, 316px\" \/> Resumo novela \u201cC\u00famplices de um Resgate\u201d 21\/08: no cap\u00edtulo 163(*) da novela, quarta-feira, 21 de agosto, Marina conhece dona Nina no vilarejo. Tomas leva o cat\u00e1logo estragado da nova cole\u00e7\u00e3o para Safira, que fica irritada. A mulher grita com Rebeca e diz que ela n\u00e3o \u00e9 necess\u00e1ria na empresa. Rebeca vai embora e Ot\u00e1vio vai atr\u00e1s. Meire acorda curada e decidida a reassumir o posto de s\u00edndica, mas \u00e9 surpreendida com uma carta trazida por Dinho em que os cond\u00f4minos dizem querer Alicia s\u00edndica fixa do pr\u00e9dio.<\/p>\n<p>Come\u00e7am os testes para a pe\u00e7a do pastor, da professora Flavia e do padre do vilarejo. Meire e Dinho espalham lixo pelo p\u00e1tio do condom\u00ednio. Ot\u00e1vio leva Rebeca para uma viagem inesperada e surpresa em Curitiba. Meire faz esc\u00e2ndalo sobre a sujeira no condom\u00ednio para prejudicar Alicia. Isabela e Manuela conversam. Regina entra no quarto e fala com Isabela pensando que se trata de Manuela. A vila escuta um barulho e vai pr\u00f3xima ao arm\u00e1rio aonde est\u00e1 Manuela.<\/p>\n<p>(*) edi\u00e7\u00e3o do SBT, Novela \u201cC\u00famplices de um Resgate\u201d, sujeito a altera\u00e7\u00e3o de data e conte\u00fado.<\/p>\n","protected":false},"excerpt":{"rendered":"<p>Resumo novela \u201cC\u00famplices de um Resgate\u201d 21\/08: no cap\u00edtulo 163(*) da novela, quarta-feira, 21 de agosto, Marina conhece dona Nina no vilarejo. Tomas leva o cat\u00e1logo estragado da nova cole\u00e7\u00e3o para Safira, que fica irritada. A mulher grita com Rebeca e diz que ela n\u00e3o \u00e9 necess\u00e1ria na empresa. Rebeca vai embora e Ot\u00e1vio vai [&hellip;]<\/p>\n","protected":false},"author":4,"featured_media":164526,"comment_status":"open","ping_status":"closed","sticky":false,"template":"","format":"standard","meta":{"tdm_status":"","tdm_grid_status":"","footnotes":""},"categories":[379,372,343],"tags":[441],"class_list":{"0":"post-180822","1":"post","2":"type-post","3":"status-publish","4":"format-standard","5":"has-post-thumbnail","7":"category-novelas","8":"category-sbt","9":"category-televisao","10":"tag-resumo-do-dia"},"_links":{"self":[{"href":"https:\/\/migracao.redenoticia.com.br\/noticia\/wp-json\/wp\/v2\/posts\/180822","targetHints":{"allow":["GET"]}}],"collection":[{"href":"https:\/\/migracao.redenoticia.com.br\/noticia\/wp-json\/wp\/v2\/posts"}],"about":[{"href":"https:\/\/migracao.redenoticia.com.br\/noticia\/wp-json\/wp\/v2\/types\/post"}],"author":[{"embeddable":true,"href":"https:\/\/migracao.redenoticia.com.br\/noticia\/wp-json\/wp\/v2\/users\/4"}],"replies":[{"embeddable":true,"href":"https:\/\/migracao.redenoticia.com.br\/noticia\/wp-json\/wp\/v2\/comments?post=180822"}],"version-history":[{"count":0,"href":"https:\/\/migracao.redenoticia.com.br\/noticia\/wp-json\/wp\/v2\/posts\/180822\/revisions"}],"wp:featuredmedia":[{"embeddable":true,"href":"https:\/\/migracao.redenoticia.com.br\/noticia\/wp-json\/wp\/v2\/media\/164526"}],"wp:attachment":[{"href":"https:\/\/migracao.redenoticia.com.br\/noticia\/wp-json\/wp\/v2\/media?parent=180822"}],"wp:term":[{"taxonomy":"category","embeddable":true,"href":"https:\/\/migracao.redenoticia.com.br\/noticia\/wp-json\/wp\/v2\/categories?post=180822"},{"taxonomy":"post_tag","embeddable":true,"href":"https:\/\/migracao.redenoticia.com.br\/noticia\/wp-json\/wp\/v2\/tags?post=180822"}],"curies":[{"name":"wp","href":"https:\/\/api.w.org\/{rel}","templated":true}]}}