{"id":180832,"date":"2019-08-20T12:57:56","date_gmt":"2019-08-20T15:57:56","guid":{"rendered":"https:\/\/www.redenoticia.com.br\/noticia\/?p=180832"},"modified":"2019-08-20T12:58:03","modified_gmt":"2019-08-20T15:58:03","slug":"resumo-novela-a-dona-do-pedaco-21-08-regis-expulsa-jo-do-hospital","status":"publish","type":"post","link":"https:\/\/migracao.redenoticia.com.br\/noticia\/2019\/resumo-novela-a-dona-do-pedaco-21-08-regis-expulsa-jo-do-hospital\/180832","title":{"rendered":"Resumo novela \u201cA Dona do Peda\u00e7o\u201d 21\/08: R\u00e9gis expulsa J\u00f4 do hospital"},"content":{"rendered":"<p><em><strong><img loading=\"lazy\" decoding=\"async\" class=\"aligncenter size-large wp-image-175347\" src=\"https:\/\/migracao.redenoticia.com.br\/noticia\/imagens\/A-Dona-do-Pedaco-globo-261x300.jpg\" alt=\"\" width=\"261\" height=\"300\" srcset=\"https:\/\/migracao.redenoticia.com.br\/noticia\/imagens\/A-Dona-do-Pedaco-globo-261x300.jpg 261w, https:\/\/migracao.redenoticia.com.br\/noticia\/imagens\/A-Dona-do-Pedaco-globo-163x187.jpg 163w, https:\/\/migracao.redenoticia.com.br\/noticia\/imagens\/A-Dona-do-Pedaco-globo.jpg 600w\" sizes=\"auto, (max-width: 261px) 100vw, 261px\" \/><\/strong><\/em><\/p>\n<p><em><strong>Resumo novela \u201cA Dona do Peda\u00e7o\u201d 21\/08:<\/strong><\/em> no cap\u00edtulo 081(*) da novela, resumo quarta-feira, 21 de agosto, Maria da Paz afirma que ir\u00e1 recuperar sua f\u00e1brica. R\u00e9gis desperta e chama por Maria da Paz. Um policial descobre uma pista sobre o assassinato de Lucas, e Camilo comemora. Ot\u00e1vio e Agno pressionam Fabiana a deixar a construtora. Fabiana visita Sabrina e diz que Vivi aceitou contrat\u00e1-la como assistente pessoal.<\/p>\n<p>Maria da Paz pede perd\u00e3o a Rock. Abel pede para conversar a s\u00f3s com Britney. M\u00e1rcio se preocupa com as decis\u00f5es de J\u00f4. Maria da Paz e Amadeu tentam falar com Antero sobre o documento que anula a posse de J\u00f4 sobre a f\u00e1brica. Ot\u00e1vio descobre que Vivi contratou Sabrina. Britney revela a Abel que \u00e9 transg\u00eanero. R\u00e9gis expulsa J\u00f4 do hospital.<\/p>\n<p>(*) edi\u00e7\u00e3o da Rede Globo, Novela \u201cA Dona do Peda\u00e7o\u201d, sujeito a altera\u00e7\u00e3o de data e conte\u00fado.<\/p>\n<p>Destaque<\/p>\n<p>Sinopse \u201cA Dona do Peda\u00e7o\u201d: a novela enaltece a trajet\u00f3ria de Maria da Paz (Juliana Paes), uma jovem humilde, da cidade fict\u00edcia de Rio Vermelho, no Esp\u00edrito Santo. Maria vem de uma fam\u00edlia de justiceiros profissionais, os Ramirez, e se apaixona justamente por Amadeu (Marcos Palmeira), advogado formado em Vit\u00f3ria e membro do cl\u00e3 rival nos neg\u00f3cios, os Matheus. A trama, dividida em um pr\u00f3logo e duas fases, traz uma hist\u00f3ria de amor com elementos \u00e0 Romeu e Julieta, sem perder o humor, que permeia todo o folhetim.<\/p>\n","protected":false},"excerpt":{"rendered":"<p>Resumo novela \u201cA Dona do Peda\u00e7o\u201d 21\/08: no cap\u00edtulo 081(*) da novela, resumo quarta-feira, 21 de agosto, Maria da Paz afirma que ir\u00e1 recuperar sua f\u00e1brica. R\u00e9gis desperta e chama por Maria da Paz. Um policial descobre uma pista sobre o assassinato de Lucas, e Camilo comemora. Ot\u00e1vio e Agno pressionam Fabiana a deixar a [&hellip;]<\/p>\n","protected":false},"author":4,"featured_media":175348,"comment_status":"open","ping_status":"closed","sticky":false,"template":"","format":"standard","meta":{"tdm_status":"","tdm_grid_status":"","footnotes":""},"categories":[543,379,375,343],"tags":[441],"class_list":{"0":"post-180832","1":"post","2":"type-post","3":"status-publish","4":"format-standard","5":"has-post-thumbnail","7":"category-a-dona-do-pedaco","8":"category-novelas","9":"category-rede-globo","10":"category-televisao","11":"tag-resumo-do-dia"},"_links":{"self":[{"href":"https:\/\/migracao.redenoticia.com.br\/noticia\/wp-json\/wp\/v2\/posts\/180832","targetHints":{"allow":["GET"]}}],"collection":[{"href":"https:\/\/migracao.redenoticia.com.br\/noticia\/wp-json\/wp\/v2\/posts"}],"about":[{"href":"https:\/\/migracao.redenoticia.com.br\/noticia\/wp-json\/wp\/v2\/types\/post"}],"author":[{"embeddable":true,"href":"https:\/\/migracao.redenoticia.com.br\/noticia\/wp-json\/wp\/v2\/users\/4"}],"replies":[{"embeddable":true,"href":"https:\/\/migracao.redenoticia.com.br\/noticia\/wp-json\/wp\/v2\/comments?post=180832"}],"version-history":[{"count":0,"href":"https:\/\/migracao.redenoticia.com.br\/noticia\/wp-json\/wp\/v2\/posts\/180832\/revisions"}],"wp:featuredmedia":[{"embeddable":true,"href":"https:\/\/migracao.redenoticia.com.br\/noticia\/wp-json\/wp\/v2\/media\/175348"}],"wp:attachment":[{"href":"https:\/\/migracao.redenoticia.com.br\/noticia\/wp-json\/wp\/v2\/media?parent=180832"}],"wp:term":[{"taxonomy":"category","embeddable":true,"href":"https:\/\/migracao.redenoticia.com.br\/noticia\/wp-json\/wp\/v2\/categories?post=180832"},{"taxonomy":"post_tag","embeddable":true,"href":"https:\/\/migracao.redenoticia.com.br\/noticia\/wp-json\/wp\/v2\/tags?post=180832"}],"curies":[{"name":"wp","href":"https:\/\/api.w.org\/{rel}","templated":true}]}}