{"id":180882,"date":"2019-08-21T16:58:19","date_gmt":"2019-08-21T19:58:19","guid":{"rendered":"https:\/\/www.redenoticia.com.br\/noticia\/?p=180882"},"modified":"2019-08-21T16:58:26","modified_gmt":"2019-08-21T19:58:26","slug":"resumo-novela-a-que-nao-podia-amar-22-08-gustavo-descobre-que-ana-esta-apaixonada-por-rogerio","status":"publish","type":"post","link":"https:\/\/migracao.redenoticia.com.br\/noticia\/2019\/resumo-novela-a-que-nao-podia-amar-22-08-gustavo-descobre-que-ana-esta-apaixonada-por-rogerio\/180882","title":{"rendered":"Resumo novela \u201cA Que N\u00e3o Podia Amar\u201d 22\/08: Gustavo descobre que Ana est\u00e1 apaixonada por Rog\u00e9rio"},"content":{"rendered":"<p><strong><em><img loading=\"lazy\" decoding=\"async\" class=\"aligncenter size-large wp-image-173635\" src=\"https:\/\/migracao.redenoticia.com.br\/noticia\/imagens\/a-que-nao-podia-amar-400x271.jpg\" alt=\"\" width=\"400\" height=\"271\" srcset=\"https:\/\/migracao.redenoticia.com.br\/noticia\/imagens\/a-que-nao-podia-amar-400x271.jpg 400w, https:\/\/migracao.redenoticia.com.br\/noticia\/imagens\/a-que-nao-podia-amar-250x169.jpg 250w, https:\/\/migracao.redenoticia.com.br\/noticia\/imagens\/a-que-nao-podia-amar-560x379.jpg 560w, https:\/\/migracao.redenoticia.com.br\/noticia\/imagens\/a-que-nao-podia-amar.jpg 620w\" sizes=\"auto, (max-width: 400px) 100vw, 400px\" \/><\/em><\/strong><\/p>\n<p>Resumo da novela<strong><em> \u201cA Que N\u00e3o Podia Amar\u201d&nbsp;<\/em><\/strong> em 22\/08: no cap\u00edtulo 099(*) da novela, quinta-feira, 22 de agosto, no dia seguinte, Rog\u00e9rio admira Ana Paula enquanto ela dorme. Os dois est\u00e3o felizes por terem se reconciliado. Mercedes e Ernesto tomam caf\u00e9 da manh\u00e3 na fazenda e contam para C\u00edntia que v\u00e3o se casar. Rosaura, Maria e Dany comentam que Ana Paula e Rog\u00e9rio devem ter dormido juntos. Gustavo flagra Ana Paula saindo do quarto de Rog\u00e9rio. Consuelo conversa com Ulisses e se preocupa porque ele n\u00e3o est\u00e1 dormindo nem se alimentando direito. Gustavo parabeniza a irm\u00e3 e o cunhado pelo noivado. Mercedes convida Dany e Miguel para tomarem caf\u00e9 juntos com ele. A irm\u00e3 de Gustavo aproveita para esclarecer que resolveu deixar o passado para tr\u00e1s. Ana Paula permite que Vanessa continue na fazenda por mais algum tempo, com uma condi\u00e7\u00e3o: que ela fique afastada de Rog\u00e9rio e dela. Vanessa agradece e, c\u00ednica, chama Ana Paula de irm\u00e3.<\/p>\n<p>C\u00edntia conta a Mercedes que Gustavo e ela planejam ir viver longe dali e a irm\u00e3 do engenheiro apoia. Rog\u00e9rio pergunta a Bruno o que ele sente por Ana Paula. Enquanto isso, a mo\u00e7a conta para sua melhor amiga Dany que pela primeira vez fez amor com Rog\u00e9rio. Bruno diz que j\u00e1 esqueceu de Ana Paula h\u00e1 muito tempo. Rog\u00e9rio deixa claro que n\u00e3o quer mais Bruno perto de Ana Paula, pois al\u00e9m de ser sua esposa, agora \u00e9 sua mulher. Gustavo escuta tudo. Mercedes pede perd\u00e3o a Dany por ter sido grosseira com ela e Miguel. Gustavo entrega alguns projetos a Rog\u00e9rio para que entre mais dinheiro na fazenda, ele deixa com o fazendeiro para que ele analise e conversem mais tarde. Bruno se preocupa por Rog\u00e9rio querer fazer altera\u00e7\u00f5es no testamento. Rog\u00e9rio explica a Ernesto que a constru\u00e7\u00e3o da cl\u00ednica ter\u00e1 que ser adiada por causa de suas dificuldades financeiras. O m\u00e9dico explica que entende a situa\u00e7\u00e3o e que por enquanto ficar\u00e1 com um consult\u00f3rio aberto na sua casa. Ele tamb\u00e9m questiona se o fazendeiro decidiu se operar ou n\u00e3o. Rog\u00e9rio responde que mais do que nunca, isso \u00e9 tudo o que ele deseja.<\/p>\n<p>Mais tarde, Rog\u00e9rio n\u00e3o quer que Vanessa continue na fazenda, mas ela alega que n\u00e3o quer ir embora pois ficar\u00e1 mais deprimida se ficar completamente sozinha. Rog\u00e9rio acaba concordando que ela fique. Ernesto procura Ulisses para anim\u00e1-lo e advertir que poderia cair numa depress\u00e3o profunda. Rog\u00e9rio aprova os projetos de Gustavo. Elias procura Ulisses para conversarem. Ana Paula diz a Rog\u00e9rio que apesar de tudo o que aconteceu, ela se apaixonou por ele e que ele o \u00fanico a quem ela ama. Eles se beijam apaixonados.<\/p>\n<p>Elias acusa Ulisses de ter culpa no fracasso do casamento dele com M\u00e1rcia. Ana Paula diz que tem medo de que Rog\u00e9rio queira apenas se vingar dela, assim como fez com Vanessa. O fazendeiro responde que n\u00e3o faria isso com ela. Elias diz a Ulisses que ele tratava M\u00e1rcia como empregada e deixava ela abandonada. O capataz diz que nunca quis fazer mal ao amigo e sempre dizia a M\u00e1rcia que se acertasse com ele. Ulisses responde que nunca poder\u00e1 perdo\u00e1-lo e que s\u00f3 sente rancor por ele. Rog\u00e9rio explica a Ana Paula que n\u00e3o faz quest\u00e3o de que C\u00edntia cumpra a parte do testamento que diz que ela precisa ficar um ano morando na fazenda, mas que deseja que a irm\u00e3 aprenda a cuidar dos neg\u00f3cios da fam\u00edlia. Ana Paula pede a Rog\u00e9rio para eles se afastarem, pois fica tensa imaginando que ter\u00e3o problemas cada vez que se encontra com Gustavo e C\u00edntia.<\/p>\n<p>Mercedes conta a Rosa e C\u00edntia que desde que ela e Ernesto decidiram se casar, ela parou de se cuidar para quem sabe engravidar. Ana Paula lamenta por ter deixado sua tia ter se intrometido tanto em sua vida. Rog\u00e9rio conta para a esposa que ir\u00e1 operar a coluna. Ela se angustia, pois tem medo dos riscos. Rog\u00e9rio responde que est\u00e1 decidido e que no dia seguinte ir\u00e3o fazer os estudos. Rosa se oferece para ajudar na loja de Ulisses, assim Consuelo n\u00e3o precisaria se afastar dos estudos. Ana diz a Rog\u00e9rio que precisa falar com Gustavo por uma \u00faltima vez. Ulisses conversa com Rosa sobre as acusa\u00e7\u00f5es que Elias fez. Rosa o aconselha a pensar nisso, pois mesmo que n\u00e3o reate com M\u00e1rcia, pelo menos entender\u00e1 o lado dela e poder\u00e1 perdo\u00e1-la. Rosaura exige que Bruno v\u00e1 com Rog\u00e9rio fazer as altera\u00e7\u00f5es no testamento, pois precisam saber o que ele vai mudar. Ana Paula procura Gustavo para conversar. Ela conta que o engenheiro foi seu primeiro amor, mas que agora n\u00e3o tem nenhuma d\u00favida de que se apaixonou por Rog\u00e9rio.<\/p>\n<p>(*) edi\u00e7\u00e3o do SBT, Novela \u201cA Que N\u00e3o Podia Amar\u201d, sujeito a altera\u00e7\u00e3o de data e conte\u00fado.<\/p>\n<p>Destaques<\/p>\n<p>&#8220;A Que N\u00e3o Podia Amar&#8221;- Ana Paula, uma enfermeira humilde que se v\u00ea obrigada a trabalhar na casa de Rog\u00e9rio Montero (Jorge Salinas), um homem amargurado. Rog\u00e9rio sofre por ser parapl\u00e9gico e destrata todas as pessoas. Ana Paula atura tudo calada e o rica\u00e7o se apaixona por ela.<\/p>\n<p>Ana conhece Gustavo Duran (Jos\u00e9 Ron), um engenheiro nobre e trabalhador. Os dois se apaixonam, mas ter\u00e3o de enfrentar Rog\u00e9rio, j\u00e1 que ele tamb\u00e9m gosta da mocinha, formando assim, um tri\u00e2ngulo amoroso com terr\u00edveis consequ\u00eancias.<\/p>\n","protected":false},"excerpt":{"rendered":"<p>Resumo da novela \u201cA Que N\u00e3o Podia Amar\u201d&nbsp; em 22\/08: no cap\u00edtulo 099(*) da novela, quinta-feira, 22 de agosto, no dia seguinte, Rog\u00e9rio admira Ana Paula enquanto ela dorme. Os dois est\u00e3o felizes por terem se reconciliado. Mercedes e Ernesto tomam caf\u00e9 da manh\u00e3 na fazenda e contam para C\u00edntia que v\u00e3o se casar. Rosaura, [&hellip;]<\/p>\n","protected":false},"author":4,"featured_media":173627,"comment_status":"open","ping_status":"closed","sticky":false,"template":"","format":"standard","meta":{"tdm_status":"","tdm_grid_status":"","footnotes":""},"categories":[379,372,343],"tags":[441],"class_list":{"0":"post-180882","1":"post","2":"type-post","3":"status-publish","4":"format-standard","5":"has-post-thumbnail","7":"category-novelas","8":"category-sbt","9":"category-televisao","10":"tag-resumo-do-dia"},"_links":{"self":[{"href":"https:\/\/migracao.redenoticia.com.br\/noticia\/wp-json\/wp\/v2\/posts\/180882","targetHints":{"allow":["GET"]}}],"collection":[{"href":"https:\/\/migracao.redenoticia.com.br\/noticia\/wp-json\/wp\/v2\/posts"}],"about":[{"href":"https:\/\/migracao.redenoticia.com.br\/noticia\/wp-json\/wp\/v2\/types\/post"}],"author":[{"embeddable":true,"href":"https:\/\/migracao.redenoticia.com.br\/noticia\/wp-json\/wp\/v2\/users\/4"}],"replies":[{"embeddable":true,"href":"https:\/\/migracao.redenoticia.com.br\/noticia\/wp-json\/wp\/v2\/comments?post=180882"}],"version-history":[{"count":0,"href":"https:\/\/migracao.redenoticia.com.br\/noticia\/wp-json\/wp\/v2\/posts\/180882\/revisions"}],"wp:featuredmedia":[{"embeddable":true,"href":"https:\/\/migracao.redenoticia.com.br\/noticia\/wp-json\/wp\/v2\/media\/173627"}],"wp:attachment":[{"href":"https:\/\/migracao.redenoticia.com.br\/noticia\/wp-json\/wp\/v2\/media?parent=180882"}],"wp:term":[{"taxonomy":"category","embeddable":true,"href":"https:\/\/migracao.redenoticia.com.br\/noticia\/wp-json\/wp\/v2\/categories?post=180882"},{"taxonomy":"post_tag","embeddable":true,"href":"https:\/\/migracao.redenoticia.com.br\/noticia\/wp-json\/wp\/v2\/tags?post=180882"}],"curies":[{"name":"wp","href":"https:\/\/api.w.org\/{rel}","templated":true}]}}