{"id":180886,"date":"2019-08-21T17:02:00","date_gmt":"2019-08-21T20:02:00","guid":{"rendered":"https:\/\/www.redenoticia.com.br\/noticia\/?p=180886"},"modified":"2019-08-21T17:02:09","modified_gmt":"2019-08-21T20:02:09","slug":"resumo-novela-cumplices-de-um-resgate-22-08-banda-c1r-ganha-viagem-de-presente","status":"publish","type":"post","link":"https:\/\/migracao.redenoticia.com.br\/noticia\/2019\/resumo-novela-cumplices-de-um-resgate-22-08-banda-c1r-ganha-viagem-de-presente\/180886","title":{"rendered":"Resumo novela \u201cC\u00famplices de um Resgate\u201d 22\/08: Banda C1R ganha viagem de presente"},"content":{"rendered":"<p><img loading=\"lazy\" decoding=\"async\" class=\"aligncenter size-large wp-image-164526\" src=\"https:\/\/migracao.redenoticia.com.br\/noticia\/imagens\/cumplices-de-um-resgate-001-316x300.jpg\" alt=\"\" width=\"316\" height=\"300\" srcset=\"https:\/\/migracao.redenoticia.com.br\/noticia\/imagens\/cumplices-de-um-resgate-001-316x300.jpg 316w, https:\/\/migracao.redenoticia.com.br\/noticia\/imagens\/cumplices-de-um-resgate-001-197x187.jpg 197w, https:\/\/migracao.redenoticia.com.br\/noticia\/imagens\/cumplices-de-um-resgate-001-150x143.jpg 150w, https:\/\/migracao.redenoticia.com.br\/noticia\/imagens\/cumplices-de-um-resgate-001.jpg 526w\" sizes=\"auto, (max-width: 316px) 100vw, 316px\" \/> Resumo novela \u201cC\u00famplices de um Resgate\u201d 22\/08: no cap\u00edtulo 164(*) da novela, quinta-feira, 22 de agosto, Rebeca e Ot\u00e1vio tem um jantar rom\u00e2ntico. D\u00f3ris conta para Mateus o que ouviu. Joel contrata Flora para trabalhar em sua cozinha.Meire pede para Dinho similar um assalto no condom\u00ednio e lhe d\u00e1 uma roupa de ladr\u00e3o. T\u00e9o diz a Antonela que vai ao show da C1R.<\/p>\n<p>Vicente diz a banda C1R que cada membro vai ganhar uma viagem de presente da gravadora. Manuela diz que \u00e9 a oportunidade de levar a irm\u00e3 ao vilarejo.D\u00f3ris diz aos seus pais que n\u00e3o quer que Lu\u00eds os abandone. Lu\u00eds decide ficar no vilarejo. No p\u00e1tio do condom\u00ednio, Dinho finge que est\u00e1 assaltando Meire.<\/p>\n<p>(*) edi\u00e7\u00e3o do SBT, Novela \u201cC\u00famplices de um Resgate\u201d, sujeito a altera\u00e7\u00e3o de data e conte\u00fado.<\/p>\n","protected":false},"excerpt":{"rendered":"<p>Resumo novela \u201cC\u00famplices de um Resgate\u201d 22\/08: no cap\u00edtulo 164(*) da novela, quinta-feira, 22 de agosto, Rebeca e Ot\u00e1vio tem um jantar rom\u00e2ntico. D\u00f3ris conta para Mateus o que ouviu. Joel contrata Flora para trabalhar em sua cozinha.Meire pede para Dinho similar um assalto no condom\u00ednio e lhe d\u00e1 uma roupa de ladr\u00e3o. T\u00e9o diz [&hellip;]<\/p>\n","protected":false},"author":4,"featured_media":164526,"comment_status":"open","ping_status":"closed","sticky":false,"template":"","format":"standard","meta":{"tdm_status":"","tdm_grid_status":"","footnotes":""},"categories":[379,372,343],"tags":[441],"class_list":{"0":"post-180886","1":"post","2":"type-post","3":"status-publish","4":"format-standard","5":"has-post-thumbnail","7":"category-novelas","8":"category-sbt","9":"category-televisao","10":"tag-resumo-do-dia"},"_links":{"self":[{"href":"https:\/\/migracao.redenoticia.com.br\/noticia\/wp-json\/wp\/v2\/posts\/180886","targetHints":{"allow":["GET"]}}],"collection":[{"href":"https:\/\/migracao.redenoticia.com.br\/noticia\/wp-json\/wp\/v2\/posts"}],"about":[{"href":"https:\/\/migracao.redenoticia.com.br\/noticia\/wp-json\/wp\/v2\/types\/post"}],"author":[{"embeddable":true,"href":"https:\/\/migracao.redenoticia.com.br\/noticia\/wp-json\/wp\/v2\/users\/4"}],"replies":[{"embeddable":true,"href":"https:\/\/migracao.redenoticia.com.br\/noticia\/wp-json\/wp\/v2\/comments?post=180886"}],"version-history":[{"count":0,"href":"https:\/\/migracao.redenoticia.com.br\/noticia\/wp-json\/wp\/v2\/posts\/180886\/revisions"}],"wp:featuredmedia":[{"embeddable":true,"href":"https:\/\/migracao.redenoticia.com.br\/noticia\/wp-json\/wp\/v2\/media\/164526"}],"wp:attachment":[{"href":"https:\/\/migracao.redenoticia.com.br\/noticia\/wp-json\/wp\/v2\/media?parent=180886"}],"wp:term":[{"taxonomy":"category","embeddable":true,"href":"https:\/\/migracao.redenoticia.com.br\/noticia\/wp-json\/wp\/v2\/categories?post=180886"},{"taxonomy":"post_tag","embeddable":true,"href":"https:\/\/migracao.redenoticia.com.br\/noticia\/wp-json\/wp\/v2\/tags?post=180886"}],"curies":[{"name":"wp","href":"https:\/\/api.w.org\/{rel}","templated":true}]}}