{"id":1809,"date":"2009-05-20T16:17:23","date_gmt":"2009-05-20T20:17:23","guid":{"rendered":"http:\/\/www.redenoticia.com.br\/noticia\/?p=1809"},"modified":"2009-05-20T16:17:23","modified_gmt":"2009-05-20T20:17:23","slug":"porto-velho-fara-mutirao-contra-a-dengue","status":"publish","type":"post","link":"https:\/\/migracao.redenoticia.com.br\/noticia\/2009\/porto-velho-fara-mutirao-contra-a-dengue\/1809","title":{"rendered":"Porto Velho far\u00e1 mutir\u00e3o contra a Dengue"},"content":{"rendered":"<p align=\"justify\">\u00a0\u00a0 \u00a0 \u00a0<span style=\"font-family: Arial; font-size: small;\">No Brasil, at\u00e9 agora foram registrados os tipos 1, 2 e 3 da dengue, mas, segundo\u00a0 especialistas, \u00e9 apenas uma quest\u00e3o de tempo para o tipo 4, que j\u00e1 foi encontrado na Col\u00f4mbia e na Venezuela, chegar por aqui. Desde que o Minist\u00e9rio da Sa\u00fade divulgou no ano passado, um mapa sobre a dengue em todo o pais, v\u00e1rios munic\u00edpios ficaram em estado de alerta. De acordo com o levantamento feito em 161 munic\u00edpios, os vasos de plantas, caixas d\u00e1gua, tambores e lixo foram apontados como os principais criadouros do mosquito. Come\u00e7ava a\u00ed uma grande batalha para vencer o transmissor da dengue. De acordo com o relat\u00f3rio, Porto Velho n\u00e3o aparecia no grupo dos cinco munic\u00edpios em situa\u00e7\u00e3o de\u00a0<em>risco\u00a0<\/em>para ocorr\u00eancia de surto, mas aparecia entre as 71 cidades, das quais 14 s\u00e3o capitais, em situa\u00e7\u00e3o de<em>alerta.<\/em><\/span><\/p>\n<p align=\"justify\">\u00a0\u00a0\u00a0\u00a0\u00a0\u00a0<span style=\"font-family: Arial; font-size: small;\">A prefeitura de Porto Velho, atrav\u00e9s da secretaria municipal de Sa\u00fade desencadeou uma s\u00e9rie de mutir\u00f5es realizados em todos os bairros da capital, j\u00e1 desde outubro do ano passado. Atrav\u00e9s dos mutir\u00f5es, a popula\u00e7\u00e3o foi orientada sobre como proceder para eliminar os criadouros. Palestras foram realizadas em escolas, igrejas, associa\u00e7\u00f5es de bairros e em v\u00e1rias empresas quando solicitadas. Mesmo com o aumento da quantidade de munic\u00edpios em situa\u00e7\u00e3o de alerta, em Porto Velho caiu o n\u00famero de casos notificados de dengue. Em 2008 foram registrados 2.209 casos notificados de janeiro a abril, j\u00e1 no mesmo per\u00edodo em 2009, foram notificados apenas 218 casos.<\/span>\u00a0<\/p>\n<p align=\"justify\"><span style=\"font-family: Arial; color: #ff0000; font-size: medium;\"><strong><em>Os mutir\u00f5es e os resultados<\/em><\/strong><\/span><\/p>\n<p align=\"justify\"><span style=\"font-family: Arial; font-size: medium;\">\u00a0<br \/>\n<\/span><span style=\"font-family: Arial; font-size: small;\">\u00a0\u00a0\u00a0\u00a0\u00a0\u00a0\u00a0 O Minist\u00e9rio da Sa\u00fade lan\u00e7ou a campanha nacional de preven\u00e7\u00e3o \u201cBrasil unido contra a dengue\u201d e os mutir\u00f5es na capital foram realizados como parte das a\u00e7\u00f5es do Plano de Conting\u00eancia da Dengue, elaborado pela prefeitura de Porto Velho, atrav\u00e9s da secretaria municipal de Sa\u00fade e come\u00e7aram pelo bairro S\u00e3o Sebasti\u00e3o I, onde equipes de agentes de sa\u00fade, estagi\u00e1rios de algumas faculdades de medicina e enfermagem e os pr\u00f3prios moradores, realizaram o primeiro dia do Mutir\u00e3o contra a Dengue na comunidade. A atividade envolveu uma m\u00e9dia de 150 pessoas, entre t\u00e9cnicos e profissionais da sa\u00fade, al\u00e9m de muitos estagi\u00e1rios que s\u00e3o volunt\u00e1rios nos mutir\u00f5es. Na pr\u00e1tica, os participantes v\u00e3o de casa em casa, orientando, distribuindo panfletos e se for o caso, j\u00e1 encaminhando as pessoas que apresentarem os sintomas da Dengue, para as unidades de sa\u00fade, inclusive com carro de apoio para levar o doente. O bairro S\u00e3o Sebasti\u00e3o foi escolhido para o come\u00e7o da campanha por ser um dos que apresentou maior \u00edndice da doen\u00e7a. Na seq\u00fc\u00eancia vierem os bairros Nacional, Caladinho, Cidade Nova,\u00a0 Cidade do Lobo,\u00a0<\/span>\u00a0<\/p>\n<p align=\"justify\"><span style=\"font-family: Arial; color: #ff0000; font-size: medium;\"><strong><em>Comit\u00ea da Dengue<\/em><\/strong><\/span>\u00a0<\/p>\n<p align=\"justify\">\u00a0\u00a0\u00a0\u00a0\u00a0\u00a0<span style=\"font-family: Arial; font-size: small;\">Com o resultado do Levantamento R\u00e1pido de \u00cdndice de Infesta\u00e7\u00e3o por Aedes aegypti (LIRAa), as a\u00e7\u00f5es de campo s\u00e3o intensificadas com a realiza\u00e7\u00e3o de mutir\u00f5es al\u00e9m das a\u00e7\u00f5es de rotina. O desenvolvimento das referidas atividades segue a prioriza\u00e7\u00e3o dos bairros mais atingidos para os menos atingidos. Para desenvolver todas estas a\u00e7\u00f5es, a Semusa montou o comit\u00ea da Dengue, formado por t\u00e9cnicos e profissionais da \u00e1rea epidemiol\u00f3gica da secretaria municipal de Sa\u00fade, que elaboraram um Perfil Epidemiol\u00f3gico de Porto Velho. Durante e primeira reuni\u00e3o, na Biblioteca Francisco Meireles, j\u00e1 foram definidas as a\u00e7\u00f5es de parceria estabelecidas com algumas empresas e institui\u00e7\u00f5es como a Caerd, Minist\u00e9rio P\u00fablico, Conselhos Estadual e Municipal de Sa\u00fade, For\u00e7as Armadas, Associa\u00e7\u00e3o dos Diab\u00e9ticos, Escolas Estaduais e Municipais, Associa\u00e7\u00f5es de moradores, al\u00e9m de outros \u00f3rg\u00e3os federais, estaduais e municipais. As a\u00e7\u00f5es do comit\u00ea s\u00e3o desenvolvidas nas \u00e1reas de Educa\u00e7\u00e3o em Sa\u00fade e Mobiliza\u00e7\u00e3o Social, Capacita\u00e7\u00e3o de Recursos Humanos, Controle de Vetor, Assist\u00eancia ao paciente, Vigil\u00e2ncia Epidemiol\u00f3gica, Vigil\u00e2ncia Laboratorial e Vigil\u00e2ncia Sanit\u00e1ria. Na \u00e1rea de educa\u00e7\u00e3o, professores e t\u00e9cnicos foram orientados sobre como trabalhar os temas da Dengue em sala de aula.\u00a0<\/span>\u00a0<br \/>\n\u00a0<br \/>\n\u00a0<br \/>\n\u00a0<\/p>\n<p align=\"justify\"><span style=\"font-family: Arial; color: #ff0000; font-size: medium;\"><strong><em>Unindo for\u00e7as<\/em><\/strong><\/span>\u00a0<\/p>\n<p align=\"justify\"><span style=\"font-family: Arial; font-size: small;\">\u00a0\u00a0\u00a0\u00a0\u00a0 A mobiliza\u00e7\u00e3o Social foi outro tema abordado durante todo o per\u00edodo em que as a\u00e7\u00f5es de combate a dengue foram realizadas. Em parceria com o Minist\u00e9rio P\u00fablico, a Semusa reuniu v\u00e1rios l\u00edderes de bairros que foram orientados a criar pequenos comit\u00eas em seus bairros para funcionarem como multiplicadores das a\u00e7\u00f5es da prefeitura no combate a doen\u00e7a.\u00a0<\/span>\u00a0<\/p>\n<p align=\"justify\"><span style=\"font-family: Arial; color: #ff0000; font-size: medium;\"><strong><em>Novo mapa da dengue\u00a0<\/em><\/strong><\/span>\u00a0<\/p>\n<p align=\"justify\">\u00a0\u00a0\u00a0\u00a0\u00a0\u00a0<span style=\"font-family: Arial; font-size: small;\">De acordo com os dados epidemiol\u00f3gicos, os anos de maior incid\u00eancia da doen\u00e7a em Porto Velho foram 2000, 2003, 2006 e 2008, j\u00e1 em 2009 nota-se uma diminui\u00e7\u00e3o da incid\u00eancia da doen\u00e7a, se comparados ao mesmo per\u00edodo do ano passado .Segundo o LIRAa, dos 2.324 extratos avaliados (\u00e1reas de 9 mil a 12 mil im\u00f3veis com caracter\u00edsticas semelhantes) 1.344 apresentaram \u00edndice de infesta\u00e7\u00e3o abaixo de 1%, considerada uma faixa satisfat\u00f3ria de acordo com a Organiza\u00e7\u00e3o Mundial de Sa\u00fade (OMS).Quando os locais avaliados apresentam menos de 1%, significa que h\u00e1 menos de uma casa com larvas do mosquito da dengue para cada grupo de 100.\u00a0<\/span>\u00a0<\/p>\n<p align=\"justify\"><span style=\"font-family: Arial; color: #ff0000; font-size: medium;\"><strong><em>Sempre alerta<\/em><\/strong><\/span>\u00a0<\/p>\n<p align=\"justify\">\u00a0\u00a0\u00a0\u00a0\u00a0\u00a0<span style=\"font-family: Arial; font-size: small;\">O LIRAa \u00e9 realizado anualmente pelas prefeituras com o objetivo de identificar com anteced\u00eancia as \u00e1reas de maior risco para a ocorr\u00eancia de surto de dengue. Os resultados permitem a r\u00e1pida tomada de decis\u00e3o para o planejamento e a intensifica\u00e7\u00e3o de a\u00e7\u00f5es de combate ao vetor da doen\u00e7a, assim como as atividades de mobiliza\u00e7\u00e3o, comunica\u00e7\u00e3o e de educa\u00e7\u00e3o. O resultado do LIRAa provoca a intensifica\u00e7\u00e3o das a\u00e7\u00f5es com a realiza\u00e7\u00e3o de mais mutir\u00f5es al\u00e9m das a\u00e7\u00f5es de rotina que s\u00e3o priorizados nos bairros com maior incid\u00eancia da dengue. S\u00e3o realizados tratamentos focais nos dep\u00f3sitos usados como reservat\u00f3rio para a elimina\u00e7\u00e3o das larvas do aedes, inspe\u00e7\u00e3o e tratamento focal, espacial e elimina\u00e7\u00e3o de dep\u00f3sitos, nos pontos estrat\u00e9gicos como, borracharia, ferros velhos, cemit\u00e9rios e oficinas.<\/span><\/p>\n<p align=\"justify\">\u00a0\u00a0\u00a0\u00a0\u00a0\u00a0<span style=\"font-family: Arial; font-size: small;\">Durante o per\u00edodo das chuvas, h\u00e1 uma tend\u00eancia de incremento de casos de dengue, em decorr\u00eancia do aumento dos \u00edndices de infesta\u00e7\u00e3o do Aedes aegypti, fato este ligado diretamente \u00e0 forma\u00e7\u00e3o de criadouros, devido ao ac\u00famulo das \u00e1guas de chuvas em dep\u00f3sitos prop\u00edcios a prolifera\u00e7\u00e3o do mosquito<\/span><span style=\"font-family: Arial; font-size: medium;\">.<\/span><\/p>\n<p align=\"justify\">\u00a0\u00a0\u00a0\u00a0\u00a0\u00a0<span style=\"font-family: Arial; font-size: small;\">Mesmo com a melhora apontada, a dengue exige alerta constante e a\u00e7\u00f5es cont\u00ednuas. \u201c Todos devem dar prioridade ao combate \u00e0 dengue para evitar surtos e \u00f3bitos pela doen\u00e7a, por isso \u00e9 importante que cada um continue fazendo a sua parte no combate ao mosquito da dengue\u201d alerta o secret\u00e1rio municipal de Sa\u00fade, Williames Pimentel.<\/span>\u00a0<\/p>\n<p align=\"justify\"><span style=\"font-family: Arial; color: #ff0000; font-size: large;\"><strong><em>A vacina\u00a0\u00a0<\/em><\/strong><\/span>\u00a0<\/p>\n<p align=\"justify\">\u00a0\u00a0\u00a0\u00a0\u00a0\u00a0<span style=\"font-family: Arial; font-size: small;\">Ainda n\u00e3o existe vacina contra a dengue, mas como \u00e9 uma das maiores epidemias mundiais, vem sendo alvo de institutos de pesquisa e farmac\u00eauticos de diversos pa\u00edses que buscam desenvolver uma vacina para o mal. Aqui no Brasil, o desafio \u00e9 do Instituto Butantan, de S\u00e3o Paulo e do Instituto de Tecnologia em F\u00e1rmacos da Funda\u00e7\u00e3o Oswaldo Cruz, no Rio de Janeiro. Durante a Reuni\u00e3o Anual da Sociedade Brasileira para o Progresso da Ci\u00eancia (SBPC), em Campinas, os representantes das institui\u00e7\u00f5es falaram sobre os est\u00e1gios em que se encontram as vacinas brasileiras para a dengue.\u00a0<\/span>\u00a0<\/p>\n","protected":false},"excerpt":{"rendered":"<p>\u00a0\u00a0 \u00a0 \u00a0No Brasil, at\u00e9 agora foram registrados os tipos 1, 2 e 3 da dengue, mas, segundo\u00a0 especialistas, \u00e9 apenas uma quest\u00e3o de tempo para o tipo 4, que j\u00e1 foi encontrado na Col\u00f4mbia e na Venezuela, chegar por aqui. Desde que o Minist\u00e9rio da Sa\u00fade divulgou no ano passado, um mapa sobre a [&hellip;]<\/p>\n","protected":false},"author":2,"featured_media":0,"comment_status":"open","ping_status":"open","sticky":false,"template":"","format":"standard","meta":{"tdm_status":"","tdm_grid_status":"","footnotes":""},"categories":[5],"tags":[],"class_list":{"0":"post-1809","1":"post","2":"type-post","3":"status-publish","4":"format-standard","6":"category-saude-e-vida"},"_links":{"self":[{"href":"https:\/\/migracao.redenoticia.com.br\/noticia\/wp-json\/wp\/v2\/posts\/1809","targetHints":{"allow":["GET"]}}],"collection":[{"href":"https:\/\/migracao.redenoticia.com.br\/noticia\/wp-json\/wp\/v2\/posts"}],"about":[{"href":"https:\/\/migracao.redenoticia.com.br\/noticia\/wp-json\/wp\/v2\/types\/post"}],"author":[{"embeddable":true,"href":"https:\/\/migracao.redenoticia.com.br\/noticia\/wp-json\/wp\/v2\/users\/2"}],"replies":[{"embeddable":true,"href":"https:\/\/migracao.redenoticia.com.br\/noticia\/wp-json\/wp\/v2\/comments?post=1809"}],"version-history":[{"count":0,"href":"https:\/\/migracao.redenoticia.com.br\/noticia\/wp-json\/wp\/v2\/posts\/1809\/revisions"}],"wp:attachment":[{"href":"https:\/\/migracao.redenoticia.com.br\/noticia\/wp-json\/wp\/v2\/media?parent=1809"}],"wp:term":[{"taxonomy":"category","embeddable":true,"href":"https:\/\/migracao.redenoticia.com.br\/noticia\/wp-json\/wp\/v2\/categories?post=1809"},{"taxonomy":"post_tag","embeddable":true,"href":"https:\/\/migracao.redenoticia.com.br\/noticia\/wp-json\/wp\/v2\/tags?post=1809"}],"curies":[{"name":"wp","href":"https:\/\/api.w.org\/{rel}","templated":true}]}}