{"id":180929,"date":"2019-08-22T12:52:29","date_gmt":"2019-08-22T15:52:29","guid":{"rendered":"https:\/\/www.redenoticia.com.br\/noticia\/?p=180929"},"modified":"2019-08-22T12:52:37","modified_gmt":"2019-08-22T15:52:37","slug":"resumo-novela-a-dona-23-08-ivana-ameaca-matar-valentina","status":"publish","type":"post","link":"https:\/\/migracao.redenoticia.com.br\/noticia\/2019\/resumo-novela-a-dona-23-08-ivana-ameaca-matar-valentina\/180929","title":{"rendered":"Resumo novela \u201cA Dona\u201d 23\/08: Ivana amea\u00e7a matar Valentina"},"content":{"rendered":"<p><img loading=\"lazy\" decoding=\"async\" class=\"aligncenter size-large wp-image-173633\" src=\"https:\/\/migracao.redenoticia.com.br\/noticia\/imagens\/a-dona-270x300.jpg\" alt=\"\" width=\"270\" height=\"300\" srcset=\"https:\/\/migracao.redenoticia.com.br\/noticia\/imagens\/a-dona-270x300.jpg 270w, https:\/\/migracao.redenoticia.com.br\/noticia\/imagens\/a-dona-168x187.jpg 168w, https:\/\/migracao.redenoticia.com.br\/noticia\/imagens\/a-dona.jpg 380w\" sizes=\"auto, (max-width: 270px) 100vw, 270px\" \/>Resumo da novela <strong><em>\u201cA Dona&#8221;<\/em><\/strong> em 23\/08: no cap\u00edtulo 105(*) da novela, sexta-feira, 23 de agosto, Sabino desconversa e responde que o importante \u00e9 que Valentina j\u00e1 est\u00e1 a salvo e \u00e9 melhor que todos pensem que foi ele quem a resgatou. Jos\u00e9 Miguel diz que o delegado far\u00e1 perguntas, e que falta muito pouco para que Rodrigo seja pego. Ivana fica sabendo que Valentina voltou e pergunta a Gabriela se sua prima morreu. Gabriela responde que, para seu azar, ela voltou, mas est\u00e1 se recuperando. Gabriela ainda diz que assim que Valentina estiver em condi\u00e7\u00f5es, vai dizer toda a verdade a ela.<\/p>\n<p>Ivana insiste em tratar de convencer a sua m\u00e3e de que est\u00e1 arrependida e sofreu muito com o desaparecimento de Valentina. Valentina diz a Ivana que sabe que ela matou Benita. Ivana tenta negar, mas Valentina diz que Rodrigo a viu. Ivana ent\u00e3o, fora de si, diz que a matou por que ela era uma intrometida, e que a pr\u00f3xima \u00e9 Valentina.<\/p>\n<p>(*) edi\u00e7\u00e3o do SBT, Novela \u201cA Dona\u201d, sujeito a altera\u00e7\u00e3o de data e conte\u00fado.<\/p>\n<p>Destaques<\/p>\n<p>&#8220;A Dona&#8221; &#8211; Valentina Vila\u00e7a (Lucero) \u00e9 uma mulher que tem uma grande fortuna, que seus pais deixaram para ela quando morreram em um acidente de carro. Ela tem uma mans\u00e3o na Cidade do M\u00e9xico, onde vive com sua tia Isabel Rangel de Dorantes (Silvia Pinal), e sua prima Ivana Dorantes Rangel (Gabriela Spanic) que trata Valentina com muita indiferen\u00e7a e sente inveja dela.<\/p>\n<p>Tudo muda para Valentina quando seu noivo Alonso Penalva (David Zepeda), tramando com Ivana no dia de seu casamento, a deixa esperando no altar. A partir da\u00ed, Valentina se torna uma mulher amarga, e vai para sua fazenda, no interior. Chegando l\u00e1, ela conhece seu vizinho Jos\u00e9 Miguel Montesinos (Fernando Colunga).<\/p>\n","protected":false},"excerpt":{"rendered":"<p>Resumo da novela \u201cA Dona&#8221; em 23\/08: no cap\u00edtulo 105(*) da novela, sexta-feira, 23 de agosto, Sabino desconversa e responde que o importante \u00e9 que Valentina j\u00e1 est\u00e1 a salvo e \u00e9 melhor que todos pensem que foi ele quem a resgatou. Jos\u00e9 Miguel diz que o delegado far\u00e1 perguntas, e que falta muito pouco [&hellip;]<\/p>\n","protected":false},"author":4,"featured_media":173626,"comment_status":"open","ping_status":"closed","sticky":false,"template":"","format":"standard","meta":{"tdm_status":"","tdm_grid_status":"","footnotes":""},"categories":[379,372,343],"tags":[441],"class_list":{"0":"post-180929","1":"post","2":"type-post","3":"status-publish","4":"format-standard","5":"has-post-thumbnail","7":"category-novelas","8":"category-sbt","9":"category-televisao","10":"tag-resumo-do-dia"},"_links":{"self":[{"href":"https:\/\/migracao.redenoticia.com.br\/noticia\/wp-json\/wp\/v2\/posts\/180929","targetHints":{"allow":["GET"]}}],"collection":[{"href":"https:\/\/migracao.redenoticia.com.br\/noticia\/wp-json\/wp\/v2\/posts"}],"about":[{"href":"https:\/\/migracao.redenoticia.com.br\/noticia\/wp-json\/wp\/v2\/types\/post"}],"author":[{"embeddable":true,"href":"https:\/\/migracao.redenoticia.com.br\/noticia\/wp-json\/wp\/v2\/users\/4"}],"replies":[{"embeddable":true,"href":"https:\/\/migracao.redenoticia.com.br\/noticia\/wp-json\/wp\/v2\/comments?post=180929"}],"version-history":[{"count":0,"href":"https:\/\/migracao.redenoticia.com.br\/noticia\/wp-json\/wp\/v2\/posts\/180929\/revisions"}],"wp:featuredmedia":[{"embeddable":true,"href":"https:\/\/migracao.redenoticia.com.br\/noticia\/wp-json\/wp\/v2\/media\/173626"}],"wp:attachment":[{"href":"https:\/\/migracao.redenoticia.com.br\/noticia\/wp-json\/wp\/v2\/media?parent=180929"}],"wp:term":[{"taxonomy":"category","embeddable":true,"href":"https:\/\/migracao.redenoticia.com.br\/noticia\/wp-json\/wp\/v2\/categories?post=180929"},{"taxonomy":"post_tag","embeddable":true,"href":"https:\/\/migracao.redenoticia.com.br\/noticia\/wp-json\/wp\/v2\/tags?post=180929"}],"curies":[{"name":"wp","href":"https:\/\/api.w.org\/{rel}","templated":true}]}}