{"id":180933,"date":"2019-08-22T12:56:42","date_gmt":"2019-08-22T15:56:42","guid":{"rendered":"https:\/\/www.redenoticia.com.br\/noticia\/?p=180933"},"modified":"2019-08-22T12:56:48","modified_gmt":"2019-08-22T15:56:48","slug":"resumo-novela-as-aventuras-de-poliana-23-08-joao-e-poliana-encontram-o-castelo-de-vetherna","status":"publish","type":"post","link":"https:\/\/migracao.redenoticia.com.br\/noticia\/2019\/resumo-novela-as-aventuras-de-poliana-23-08-joao-e-poliana-encontram-o-castelo-de-vetherna\/180933","title":{"rendered":"Resumo novela \u201cAs Aventuras de Poliana\u201d 23\/08: Jo\u00e3o e Poliana encontram o Castelo de Vetherna"},"content":{"rendered":"<p><strong><em><img loading=\"lazy\" decoding=\"async\" class=\"aligncenter size-large wp-image-148662\" src=\"https:\/\/migracao.redenoticia.com.br\/noticia\/imagens\/as-aventuras-de-poliana-novela-400x267.jpg\" alt=\"\" width=\"400\" height=\"267\" srcset=\"https:\/\/migracao.redenoticia.com.br\/noticia\/imagens\/as-aventuras-de-poliana-novela-400x267.jpg 400w, https:\/\/migracao.redenoticia.com.br\/noticia\/imagens\/as-aventuras-de-poliana-novela-250x167.jpg 250w, https:\/\/migracao.redenoticia.com.br\/noticia\/imagens\/as-aventuras-de-poliana-novela-150x100.jpg 150w, https:\/\/migracao.redenoticia.com.br\/noticia\/imagens\/as-aventuras-de-poliana-novela.jpg 600w\" sizes=\"auto, (max-width: 400px) 100vw, 400px\" \/>Resumo novela \u201cAs Aventuras de Poliana\u201d 23\/08<\/em><\/strong>: no cap\u00edtulo 333(*) da novela, resumo de sexta-feira, 23 de agosto, no Campo de F\u00e9rias, Waldisney ajuda Nadine a fazer suas arma\u00e7\u00f5es. Pendleton sai para almo\u00e7ar com Luisa e a convida para ir ao Campo de F\u00e9rias. D\u00e9bora pede a ajuda de Claudia para provar seu vestido de noiva. Poliana e Jo\u00e3o encontram Waldisney e Mosquito hospedados em um acampamento no meio da floresta. S\u00e9rgio vai at\u00e9 o endere\u00e7o de Vitor Correa com as crian\u00e7as do MaGaBeLo, e Benicio v\u00ea algo estranho no local.<\/p>\n<p>Poliana se perde na mata e encontra Waldisney. Luisa fica surpresa ao descobrir que Claudia ser\u00e1 madrinha do casamento de D\u00e9bora e Afonso. Jo\u00e3o e Poliana s\u00e3o os primeiros a encontrar o Castelo de Vetherna. Gleyce tenta convencer Falc\u00e3o a permitir o projeto do CLP na comunidade Bem-Te-Vi. D\u00e9bora e Afonso adiam a data do casamento. Jo\u00e3o e Poliana contam para Roger, Marcelo e Nadine que encontraram Waldisney e Mosquito acampados na floresta, e o grupo decide ir atr\u00e1s deles.<\/p>\n<p>(*) edi\u00e7\u00e3o do SBT, Novela \u201cAs Aventuras de Poliana\u201d, sujeito a altera\u00e7\u00e3o de data e conte\u00fado.<\/p>\n<p>Poliana \u00e9 uma menina extrovertida e de bom cora\u00e7\u00e3o que viajava o Brasil com seus pais, Lorenzo e Alice, no grupo circense Trupe Vagalume. Aos onze anos a garota v\u00ea seu mundo desabar quando seus pais falecem e ela tem que ir morar em S\u00e3o Paulo com sua tia Lu\u00edsa, uma mulher rica e severa, a qual ela n\u00e3o conhecia e que n\u00e3o queria cuidar dela, embora sinta que \u00e9 sua obriga\u00e7\u00e3o pela alma de sua irm\u00e3. Apesar do jeito da rigidez da tia, Poliana decide ter uma vis\u00e3o positiva e inabal\u00e1vel da vida, mesmo nos momentos de dificuldade, tentando levar um pouco de felicidade para a vida de cada um dos seus novos amigos e vizinhos, como o Sr. Pendleton, um homem rico e infeliz por nunca ter tido filhos. Ela vai estudar no col\u00e9gio de Ruth, uma diretora de bom cora\u00e7\u00e3o que a ajuda a se adaptar, mas tem que lidar com as vilanias de Mirela, garota mais velha que n\u00e3o aceita perder a popularidade para uma novata.<\/p>\n","protected":false},"excerpt":{"rendered":"<p>Resumo novela \u201cAs Aventuras de Poliana\u201d 23\/08: no cap\u00edtulo 333(*) da novela, resumo de sexta-feira, 23 de agosto, no Campo de F\u00e9rias, Waldisney ajuda Nadine a fazer suas arma\u00e7\u00f5es. Pendleton sai para almo\u00e7ar com Luisa e a convida para ir ao Campo de F\u00e9rias. D\u00e9bora pede a ajuda de Claudia para provar seu vestido de [&hellip;]<\/p>\n","protected":false},"author":4,"featured_media":148663,"comment_status":"open","ping_status":"closed","sticky":false,"template":"","format":"standard","meta":{"tdm_status":"","tdm_grid_status":"","footnotes":""},"categories":[477,379,372,343],"tags":[441],"class_list":{"0":"post-180933","1":"post","2":"type-post","3":"status-publish","4":"format-standard","5":"has-post-thumbnail","7":"category-as-aventuras-de-poliana","8":"category-novelas","9":"category-sbt","10":"category-televisao","11":"tag-resumo-do-dia"},"_links":{"self":[{"href":"https:\/\/migracao.redenoticia.com.br\/noticia\/wp-json\/wp\/v2\/posts\/180933","targetHints":{"allow":["GET"]}}],"collection":[{"href":"https:\/\/migracao.redenoticia.com.br\/noticia\/wp-json\/wp\/v2\/posts"}],"about":[{"href":"https:\/\/migracao.redenoticia.com.br\/noticia\/wp-json\/wp\/v2\/types\/post"}],"author":[{"embeddable":true,"href":"https:\/\/migracao.redenoticia.com.br\/noticia\/wp-json\/wp\/v2\/users\/4"}],"replies":[{"embeddable":true,"href":"https:\/\/migracao.redenoticia.com.br\/noticia\/wp-json\/wp\/v2\/comments?post=180933"}],"version-history":[{"count":0,"href":"https:\/\/migracao.redenoticia.com.br\/noticia\/wp-json\/wp\/v2\/posts\/180933\/revisions"}],"wp:featuredmedia":[{"embeddable":true,"href":"https:\/\/migracao.redenoticia.com.br\/noticia\/wp-json\/wp\/v2\/media\/148663"}],"wp:attachment":[{"href":"https:\/\/migracao.redenoticia.com.br\/noticia\/wp-json\/wp\/v2\/media?parent=180933"}],"wp:term":[{"taxonomy":"category","embeddable":true,"href":"https:\/\/migracao.redenoticia.com.br\/noticia\/wp-json\/wp\/v2\/categories?post=180933"},{"taxonomy":"post_tag","embeddable":true,"href":"https:\/\/migracao.redenoticia.com.br\/noticia\/wp-json\/wp\/v2\/tags?post=180933"}],"curies":[{"name":"wp","href":"https:\/\/api.w.org\/{rel}","templated":true}]}}