{"id":180935,"date":"2019-08-22T12:58:34","date_gmt":"2019-08-22T15:58:34","guid":{"rendered":"https:\/\/www.redenoticia.com.br\/noticia\/?p=180935"},"modified":"2019-08-22T12:58:40","modified_gmt":"2019-08-22T15:58:40","slug":"resumo-novela-cumplices-de-um-resgate-23-08-isabela-tem-medo-de-perder-sua-fortuna","status":"publish","type":"post","link":"https:\/\/migracao.redenoticia.com.br\/noticia\/2019\/resumo-novela-cumplices-de-um-resgate-23-08-isabela-tem-medo-de-perder-sua-fortuna\/180935","title":{"rendered":"Resumo novela \u201cC\u00famplices de um Resgate\u201d 23\/08: Isabela tem medo de perder sua fortuna"},"content":{"rendered":"<p><img loading=\"lazy\" decoding=\"async\" class=\"aligncenter size-large wp-image-164526\" src=\"https:\/\/migracao.redenoticia.com.br\/noticia\/imagens\/cumplices-de-um-resgate-001-316x300.jpg\" alt=\"\" width=\"316\" height=\"300\" srcset=\"https:\/\/migracao.redenoticia.com.br\/noticia\/imagens\/cumplices-de-um-resgate-001-316x300.jpg 316w, https:\/\/migracao.redenoticia.com.br\/noticia\/imagens\/cumplices-de-um-resgate-001-197x187.jpg 197w, https:\/\/migracao.redenoticia.com.br\/noticia\/imagens\/cumplices-de-um-resgate-001-150x143.jpg 150w, https:\/\/migracao.redenoticia.com.br\/noticia\/imagens\/cumplices-de-um-resgate-001.jpg 526w\" sizes=\"auto, (max-width: 316px) 100vw, 316px\" \/> Resumo novela \u201cC\u00famplices de um Resgate\u201d 23\/08: no cap\u00edtulo 165(*) da novela, sexta-feira, 23 de agosto, Ot\u00e1vio e Rebeca continuam passeando por Curitiba. Depois que Dinho foge com o celular de Meire, Al\u00edcia vai acudi-la. Meire faz um esc\u00e2ndalo e culpa Al\u00edcia por n\u00e3o cuidar da seguran\u00e7a do condom\u00ednio. Omar anda pelo vilarejo com seu quadriciclo e destrata Sabrina. Fl\u00e1via v\u00ea a cena. Marina diz para si que precisa impedir as crian\u00e7as de irem ao show. Fl\u00e1via conversa com Joel e diz que se Omar participar da pe\u00e7a ele poderia se aproximar das outras crian\u00e7as. Of\u00e9lio conta para Isabela sobre o plano de lev\u00e1-la ao vilarejo.<\/p>\n<p>Joel obriga Omar a participar dos testes para a pe\u00e7a. Luis diz a Clara que n\u00e3o desistiu de ir pra cidade, mas quer convencer as crian\u00e7as aos poucos. Joaquim e Andr\u00e9 veem Meire usando o celular. O av\u00f4 de Priscila a pro\u00edbe de viajar com a banda. Os C\u00famplices seguem Dinho e veem que ele jogou fora a fantasia de bandido. Eles conseguem acessar as c\u00e2meras de seguran\u00e7a e mostram pra Al\u00edcia que foi Meire que armou tudo.<\/p>\n<p>Al\u00edcia diz a Meire e Dinho que se eles continuarem com as travessuras vai mostrar as imagens para todos os cond\u00f4minos. Regina diz para Manuela que, ap\u00f3s o lan\u00e7amento da banda ela ter\u00e1 que dizer que \u00e9 sua filha. Isabela diz para Manuela que tem medo de perder sua fortuna ao desmascarar Regina. Manuela vai para o por\u00e3o e Isabela fica em seu quarto. Joel leva Omar para o teste e Augusto pede para que ele fa\u00e7a junto com Mateus.<\/p>\n<p>(*) edi\u00e7\u00e3o do SBT, Novela \u201cC\u00famplices de um Resgate\u201d, sujeito a altera\u00e7\u00e3o de data e conte\u00fado.<\/p>\n","protected":false},"excerpt":{"rendered":"<p>Resumo novela \u201cC\u00famplices de um Resgate\u201d 23\/08: no cap\u00edtulo 165(*) da novela, sexta-feira, 23 de agosto, Ot\u00e1vio e Rebeca continuam passeando por Curitiba. Depois que Dinho foge com o celular de Meire, Al\u00edcia vai acudi-la. Meire faz um esc\u00e2ndalo e culpa Al\u00edcia por n\u00e3o cuidar da seguran\u00e7a do condom\u00ednio. Omar anda pelo vilarejo com seu [&hellip;]<\/p>\n","protected":false},"author":4,"featured_media":164526,"comment_status":"open","ping_status":"closed","sticky":false,"template":"","format":"standard","meta":{"tdm_status":"","tdm_grid_status":"","footnotes":""},"categories":[379,372,343],"tags":[441],"class_list":{"0":"post-180935","1":"post","2":"type-post","3":"status-publish","4":"format-standard","5":"has-post-thumbnail","7":"category-novelas","8":"category-sbt","9":"category-televisao","10":"tag-resumo-do-dia"},"_links":{"self":[{"href":"https:\/\/migracao.redenoticia.com.br\/noticia\/wp-json\/wp\/v2\/posts\/180935","targetHints":{"allow":["GET"]}}],"collection":[{"href":"https:\/\/migracao.redenoticia.com.br\/noticia\/wp-json\/wp\/v2\/posts"}],"about":[{"href":"https:\/\/migracao.redenoticia.com.br\/noticia\/wp-json\/wp\/v2\/types\/post"}],"author":[{"embeddable":true,"href":"https:\/\/migracao.redenoticia.com.br\/noticia\/wp-json\/wp\/v2\/users\/4"}],"replies":[{"embeddable":true,"href":"https:\/\/migracao.redenoticia.com.br\/noticia\/wp-json\/wp\/v2\/comments?post=180935"}],"version-history":[{"count":0,"href":"https:\/\/migracao.redenoticia.com.br\/noticia\/wp-json\/wp\/v2\/posts\/180935\/revisions"}],"wp:featuredmedia":[{"embeddable":true,"href":"https:\/\/migracao.redenoticia.com.br\/noticia\/wp-json\/wp\/v2\/media\/164526"}],"wp:attachment":[{"href":"https:\/\/migracao.redenoticia.com.br\/noticia\/wp-json\/wp\/v2\/media?parent=180935"}],"wp:term":[{"taxonomy":"category","embeddable":true,"href":"https:\/\/migracao.redenoticia.com.br\/noticia\/wp-json\/wp\/v2\/categories?post=180935"},{"taxonomy":"post_tag","embeddable":true,"href":"https:\/\/migracao.redenoticia.com.br\/noticia\/wp-json\/wp\/v2\/tags?post=180935"}],"curies":[{"name":"wp","href":"https:\/\/api.w.org\/{rel}","templated":true}]}}