{"id":181046,"date":"2019-08-24T21:16:26","date_gmt":"2019-08-25T00:16:26","guid":{"rendered":"https:\/\/www.redenoticia.com.br\/noticia\/?p=181046"},"modified":"2019-08-24T21:16:34","modified_gmt":"2019-08-25T00:16:34","slug":"resumo-novela-a-dona-26-08-ultimo-capitulo","status":"publish","type":"post","link":"https:\/\/migracao.redenoticia.com.br\/noticia\/2019\/resumo-novela-a-dona-26-08-ultimo-capitulo\/181046","title":{"rendered":"Resumo novela \u201cA Dona\u201d 26\/08: \u00daltimo cap\u00edtulo"},"content":{"rendered":"<p><img loading=\"lazy\" decoding=\"async\" class=\"aligncenter size-large wp-image-173633\" src=\"https:\/\/migracao.redenoticia.com.br\/noticia\/imagens\/a-dona-270x300.jpg\" alt=\"\" width=\"270\" height=\"300\" srcset=\"https:\/\/migracao.redenoticia.com.br\/noticia\/imagens\/a-dona-270x300.jpg 270w, https:\/\/migracao.redenoticia.com.br\/noticia\/imagens\/a-dona-168x187.jpg 168w, https:\/\/migracao.redenoticia.com.br\/noticia\/imagens\/a-dona.jpg 380w\" sizes=\"auto, (max-width: 270px) 100vw, 270px\" \/>Resumo da novela <strong><em>\u201cA Dona&#8221;<\/em><\/strong> em 26\/08: no cap\u00edtulo 106(*) da novela, segunda-feira, 26 de agosto, Semanas mais tarde, Valentina e Isabel voltam para a fazenda. Leonor procura Valentina para devolver o dinheiro emprestado por ela. Leonor diz que tentou separ\u00e1-la de Jose Miguel, porque ele \u00e9 o filho de Rodrigo e o capataz tamb\u00e9m estava apaixonado por Valentina. Ela temia uma luta de morte entre eles. Valentina agradece por te-la salvado. Isabel diz a Ernesto que Valentina e Jos\u00e9 Miguel podem se casar. Ernesto chora de felicidade. Mais tarde, Leonor agradece Sabino por ter mantido seu segredo, e pede desculpas por n\u00e3o valorizar sua nobreza. Al\u00e9m disso, ela pede a ele para ficar com ela e Jos\u00e9 Miguel. Na fazenda Montesinos, Leonor diz a Jos\u00e9 Miguel que ele n\u00e3o poderia ter escolhido uma mulher melhor que Valentina. Jos\u00e9 Miguel pede a ela para esquecer tudo e a abra\u00e7a.<\/p>\n<p>Leonor diz-lhe para ir para o M\u00e9xico e refazer a sua vida. Valentina e Jos\u00e9 Miguel se encontram na tumba de Frederico. Jos\u00e9 Miguel prop\u00f5e casamento novamente. Valentina aceita. O padre Justino e o Padre Ventura decidem fazer em conjunto o casamento de Jos\u00e9 Miguel e Valentina. Rodrigo descobre que Jos\u00e9 Miguel e Valentina v\u00e3o se casar. No dia do casamento, Jos\u00e9 Miguel espera Valentina no altar, enquanto ela caminha com Ernesto. Muitas pessoas assistem o casamento. Ambos juram amor eterno em frente ao altar.<\/p>\n<p>Gaby e Sandra s\u00e3o as suas damas de honra. Horacio diz para Gaby que quer casar com ela o mais r\u00e1pido poss\u00edvel. Valentina canta. Jose Miguel e Valentina s\u00e3o declarados marido e mulher. Todos aplaudem, mas de repente Rodrigo aparece no casamento desfigurado, uma perna de madeira e muitas queimaduras. Quando ele est\u00e1 prestes a atirar Jos\u00e9 Miguel e Valentina, Alonso o det\u00e9m. Jos\u00e9 Miguel o desarma. A pol\u00edcia vem para prend\u00ea-lo. A festa continua com fogos de artif\u00edcio e festas. Dois anos depois, Valentina e Jos\u00e9 Miguel batizam o casal de filhos. Enquanto Rodrigo apodrece na cadeia, Valentina e Jos\u00e9 Miguel desfrutam das f\u00e9rias de seus filhos.<\/p>\n<p>(*) edi\u00e7\u00e3o do SBT, Novela \u201cA Dona\u201d, sujeito a altera\u00e7\u00e3o de data e conte\u00fado.<\/p>\n<p>Destaques<\/p>\n<p>&#8220;A Dona&#8221; &#8211; Valentina Vila\u00e7a (Lucero) \u00e9 uma mulher que tem uma grande fortuna, que seus pais deixaram para ela quando morreram em um acidente de carro. Ela tem uma mans\u00e3o na Cidade do M\u00e9xico, onde vive com sua tia Isabel Rangel de Dorantes (Silvia Pinal), e sua prima Ivana Dorantes Rangel (Gabriela Spanic) que trata Valentina com muita indiferen\u00e7a e sente inveja dela.<\/p>\n<p>Tudo muda para Valentina quando seu noivo Alonso Penalva (David Zepeda), tramando com Ivana no dia de seu casamento, a deixa esperando no altar. A partir da\u00ed, Valentina se torna uma mulher amarga, e vai para sua fazenda, no interior. Chegando l\u00e1, ela conhece seu vizinho Jos\u00e9 Miguel Montesinos (Fernando Colunga).<\/p>\n","protected":false},"excerpt":{"rendered":"<p>Resumo da novela \u201cA Dona&#8221; em 26\/08: no cap\u00edtulo 106(*) da novela, segunda-feira, 26 de agosto, Semanas mais tarde, Valentina e Isabel voltam para a fazenda. Leonor procura Valentina para devolver o dinheiro emprestado por ela. Leonor diz que tentou separ\u00e1-la de Jose Miguel, porque ele \u00e9 o filho de Rodrigo e o capataz tamb\u00e9m [&hellip;]<\/p>\n","protected":false},"author":2,"featured_media":173626,"comment_status":"open","ping_status":"closed","sticky":false,"template":"","format":"standard","meta":{"tdm_status":"","tdm_grid_status":"","footnotes":""},"categories":[379,372,343],"tags":[441],"class_list":{"0":"post-181046","1":"post","2":"type-post","3":"status-publish","4":"format-standard","5":"has-post-thumbnail","7":"category-novelas","8":"category-sbt","9":"category-televisao","10":"tag-resumo-do-dia"},"_links":{"self":[{"href":"https:\/\/migracao.redenoticia.com.br\/noticia\/wp-json\/wp\/v2\/posts\/181046","targetHints":{"allow":["GET"]}}],"collection":[{"href":"https:\/\/migracao.redenoticia.com.br\/noticia\/wp-json\/wp\/v2\/posts"}],"about":[{"href":"https:\/\/migracao.redenoticia.com.br\/noticia\/wp-json\/wp\/v2\/types\/post"}],"author":[{"embeddable":true,"href":"https:\/\/migracao.redenoticia.com.br\/noticia\/wp-json\/wp\/v2\/users\/2"}],"replies":[{"embeddable":true,"href":"https:\/\/migracao.redenoticia.com.br\/noticia\/wp-json\/wp\/v2\/comments?post=181046"}],"version-history":[{"count":0,"href":"https:\/\/migracao.redenoticia.com.br\/noticia\/wp-json\/wp\/v2\/posts\/181046\/revisions"}],"wp:featuredmedia":[{"embeddable":true,"href":"https:\/\/migracao.redenoticia.com.br\/noticia\/wp-json\/wp\/v2\/media\/173626"}],"wp:attachment":[{"href":"https:\/\/migracao.redenoticia.com.br\/noticia\/wp-json\/wp\/v2\/media?parent=181046"}],"wp:term":[{"taxonomy":"category","embeddable":true,"href":"https:\/\/migracao.redenoticia.com.br\/noticia\/wp-json\/wp\/v2\/categories?post=181046"},{"taxonomy":"post_tag","embeddable":true,"href":"https:\/\/migracao.redenoticia.com.br\/noticia\/wp-json\/wp\/v2\/tags?post=181046"}],"curies":[{"name":"wp","href":"https:\/\/api.w.org\/{rel}","templated":true}]}}