{"id":181048,"date":"2019-08-24T21:17:36","date_gmt":"2019-08-25T00:17:36","guid":{"rendered":"https:\/\/www.redenoticia.com.br\/noticia\/?p=181048"},"modified":"2019-08-24T21:17:43","modified_gmt":"2019-08-25T00:17:43","slug":"resumo-novela-a-que-nao-podia-amar-26-08-vanessa-pede-perdao-a-ana-paula","status":"publish","type":"post","link":"https:\/\/migracao.redenoticia.com.br\/noticia\/2019\/resumo-novela-a-que-nao-podia-amar-26-08-vanessa-pede-perdao-a-ana-paula\/181048","title":{"rendered":"Resumo novela \u201cA Que N\u00e3o Podia Amar\u201d 26\/08: Vanessa pede perd\u00e3o a Ana Paula"},"content":{"rendered":"<p><strong><em><img loading=\"lazy\" decoding=\"async\" class=\"aligncenter size-large wp-image-173635\" src=\"https:\/\/migracao.redenoticia.com.br\/noticia\/imagens\/a-que-nao-podia-amar-400x271.jpg\" alt=\"\" width=\"400\" height=\"271\" srcset=\"https:\/\/migracao.redenoticia.com.br\/noticia\/imagens\/a-que-nao-podia-amar-400x271.jpg 400w, https:\/\/migracao.redenoticia.com.br\/noticia\/imagens\/a-que-nao-podia-amar-250x169.jpg 250w, https:\/\/migracao.redenoticia.com.br\/noticia\/imagens\/a-que-nao-podia-amar-560x379.jpg 560w, https:\/\/migracao.redenoticia.com.br\/noticia\/imagens\/a-que-nao-podia-amar.jpg 620w\" sizes=\"auto, (max-width: 400px) 100vw, 400px\" \/><\/em><\/strong><\/p>\n<p>Resumo da novela<strong><em> \u201cA Que N\u00e3o Podia Amar\u201d&nbsp;<\/em><\/strong> em 26\/08: no cap\u00edtulo 101(*) da novela, segunda-feira, 26 de agosto,  Ernesto diz a Mercedes que vai escolher o anel de compromisso para ela. Rog\u00e9rio pede a Maria que o mantenha informado de qualquer coisa que aconte\u00e7a na fazenda enquanto ele estiver fora. Ele percebe que a empregada est\u00e1 diferente, mas C\u00edntia interv\u00e9m e responde que a m\u00e3e est\u00e1 nervosa por causa dos exames do fazendeiro e por causa da situa\u00e7\u00e3o e econ\u00f4mica da fazenda. Vanessa recrimina Rosaura e Maria por n\u00e3o terem contado que Rog\u00e9rio foi para capital. A mo\u00e7a se prepara para ligar ao fazendeiro, mas a tia de Ana Paula a impede. C\u00edntia pede a Mercedes que converse com Gustavo porque ele n\u00e3o quer deix\u00e1-la ir para capital ajudar a cunhada na escolha do vestido. Mercedes tenta fazer C\u00edntia entender a situa\u00e7\u00e3o e a irm\u00e3 de Rog\u00e9rio reage furiosa. Maria amea\u00e7a Elias, caso volte a se envolver com C\u00edntia. Gustavo escuta e enfrenta o capataz. Os dois trocam socos.<\/p>\n<p>Vanessa \u00e9 avisada que Elza tentou se matar na casa de repouso. Ela pede a Ana que a ajude e visite sua m\u00e3e j\u00e1 que est\u00e1 na capital. Maria aparta a briga. Elza tem alucina\u00e7\u00f5es com Frederico. Gustavo enfrenta C\u00edntia e questiona o porqu\u00ea ela n\u00e3o quer mandar Elias embora. O engenheiro questiona se ela se envolveu com o capataz, mas a mo\u00e7a nega. Ernesto conta a Rog\u00e9rio que Ana Paula est\u00e1 com a m\u00e3e de Vanessa, que foi internada h\u00e1 pouco no hospital porque tentou se matar. Enquanto isso, Ana Paula visita Elza e ela confunde a mo\u00e7a com sua filha Vanessa. Maria volta a advertir Elias que o relacionamento com C\u00edntia n\u00e3o vai chegar a ficar s\u00e9rio.<\/p>\n<p>Ana Paula tenta tranquilizar Elza. Maria pede a Elias que jure que vai respeitar o casamento de C\u00edntia e que em um ano a filha decidir\u00e1 o que fazer. Elias amea\u00e7a contar tudo a Gustavo, mas Maria tenta faz\u00ea-lo mudar de opini\u00e3o. C\u00edntia procura Elias em seu quarto e pede que ele n\u00e3o complique mais as coisas. Ele reage irritado e quer que os dois assumam um romance. Pensando que est\u00e1 falando com Vanessa, Elza pergunta a Ana Paula se ir\u00e1 perdo\u00e1-la por ter matado seu pai.<\/p>\n<p>Ana Paula se surpreende com a revela\u00e7\u00e3o, enquanto Elza implora pelo perd\u00e3o. Ana Paula pergunta do que ela est\u00e1 falando. Pensando que est\u00e1 falando com Vanessa, Elza conta que ela n\u00e3o deu os rem\u00e9dios quando Frederico passou mal, mas que as duas precisam continuar dizendo que Ana Paula \u00e9 a culpada. C\u00edntia diz a Elias que o ama e que at\u00e9 convenceu Maria de n\u00e3o contar nada para que eles continuem juntos at\u00e9 ela poder se divorciar. Ela pede que o capataz espere o um ano do contrato, at\u00e9 ela ter sua heran\u00e7a sem nenhum entrave. Elza enlouquece enquanto implora pelo perd\u00e3o de \u201cVanessa\u201d. Elias adverte a C\u00edntia que j\u00e1 fez de tudo por ela e j\u00e1 tem quem avise de todas suas maldades se ela n\u00e3o cumprir com suas promessas.<\/p>\n<p>Ernesto tenta tranquilizar Ana Paula. Gustavo se decepciona ao perceber que C\u00edntia pouco se importa em aprender a cuidar da fazenda e tenta fazer a esposa mudar de atitude. Abalada, Ana Paula conta a Rog\u00e9rio que Frederico morreu porque Elza n\u00e3o deu os medicamentos para o pai quando ele passou mal. Ulisses continua remoendo as palavras de Elias, de que ele \u00e9 o culpado pelo que aconteceu e que Mariana e M\u00e1rcia n\u00e3o eram felizes com ele. Ulisses pergunta a Consuelo o que sua filha lhe dizia sobre ele. Consuelo fica calada e depois confessa que Mariana sofreu quando seu pai n\u00e3o entendia que ela queria estudar, mas que quando ele mudou de atitude ela se sentiu super feliz e amada. Rosaura pergunta se Bruno j\u00e1 descobriu o que Rog\u00e9rio alterou no testamento, ele conta que n\u00e3o.<\/p>\n<p>Hip\u00f3crita, Vanessa finge surpresa ao saber que sua m\u00e3e \u00e9 a culpada pela morte de seu pai e pede perd\u00e3o a Paula por ter culpado a mo\u00e7a. Contudo, Ana suspeita das desculpas de sua meia-irm\u00e3. Ulisses conversa com Rosa sobre suas afli\u00e7\u00f5es e ela se oferece para ajud\u00e1-lo. Mercedes tenta fazer C\u00edntia entender o porqu\u00ea Gustavo quer que ela assuma as responsabilidades da fazenda. C\u00edntia diz que ir\u00e1 trabalhar muito com Gustavo, mesmo estando com raiva por Rog\u00e9rio estar em Tuxtla. Vanessa finalmente visita a m\u00e3e e diz que vai deix\u00e1-la na casa de repouso. Elza reage nervosa e n\u00e3o quer voltar para o local. Elias diz a Consuelo que sabe que ela \u00e9 uma boa pessoa e que pode confiar nela, por isso lhe d\u00e1 uma carta que ela s\u00f3 dever\u00e1 abrir se lhe acontecer algo.<\/p>\n<p>C\u00ednica, Vanessa vai ao quarto de Rog\u00e9rio chorando e pede perd\u00e3o a Ana Paula por ter lhe culpado pela morte de Frederico. A sobrinha de Rosaura aceita o pedido de desculpas, e Vanessa convida os dois para um almo\u00e7o. Consuelo aceita guardar a carta para Elias. Mais tarde, Rog\u00e9rio e sua esposa chegam ao banco para um empr\u00e9stimo para sua opera\u00e7\u00e3o. O banco recusa o empr\u00e9stimo. Gustavo percebe que C\u00edntia sempre se aborrece quando ele fala sobre os assuntos da fazenda. Maria conta a Consuelo que j\u00e1 sabe da rela\u00e7\u00e3o de Elias e C\u00edntia e pergunta se foi por isso que ela terminou com o capataz. A mo\u00e7a confirma.<\/p>\n<p>(*) edi\u00e7\u00e3o do SBT, Novela \u201cA Que N\u00e3o Podia Amar\u201d, sujeito a altera\u00e7\u00e3o de data e conte\u00fado.<\/p>\n<p>Destaques<\/p>\n<p>&#8220;A Que N\u00e3o Podia Amar&#8221;- Ana Paula, uma enfermeira humilde que se v\u00ea obrigada a trabalhar na casa de Rog\u00e9rio Montero (Jorge Salinas), um homem amargurado. Rog\u00e9rio sofre por ser parapl\u00e9gico e destrata todas as pessoas. Ana Paula atura tudo calada e o rica\u00e7o se apaixona por ela.<\/p>\n<p>Ana conhece Gustavo Duran (Jos\u00e9 Ron), um engenheiro nobre e trabalhador. Os dois se apaixonam, mas ter\u00e3o de enfrentar Rog\u00e9rio, j\u00e1 que ele tamb\u00e9m gosta da mocinha, formando assim, um tri\u00e2ngulo amoroso com terr\u00edveis consequ\u00eancias.<\/p>\n","protected":false},"excerpt":{"rendered":"<p>Resumo da novela \u201cA Que N\u00e3o Podia Amar\u201d&nbsp; em 26\/08: no cap\u00edtulo 101(*) da novela, segunda-feira, 26 de agosto, Ernesto diz a Mercedes que vai escolher o anel de compromisso para ela. Rog\u00e9rio pede a Maria que o mantenha informado de qualquer coisa que aconte\u00e7a na fazenda enquanto ele estiver fora. Ele percebe que a [&hellip;]<\/p>\n","protected":false},"author":2,"featured_media":173627,"comment_status":"open","ping_status":"closed","sticky":false,"template":"","format":"standard","meta":{"tdm_status":"","tdm_grid_status":"","footnotes":""},"categories":[379,372,343],"tags":[441],"class_list":{"0":"post-181048","1":"post","2":"type-post","3":"status-publish","4":"format-standard","5":"has-post-thumbnail","7":"category-novelas","8":"category-sbt","9":"category-televisao","10":"tag-resumo-do-dia"},"_links":{"self":[{"href":"https:\/\/migracao.redenoticia.com.br\/noticia\/wp-json\/wp\/v2\/posts\/181048","targetHints":{"allow":["GET"]}}],"collection":[{"href":"https:\/\/migracao.redenoticia.com.br\/noticia\/wp-json\/wp\/v2\/posts"}],"about":[{"href":"https:\/\/migracao.redenoticia.com.br\/noticia\/wp-json\/wp\/v2\/types\/post"}],"author":[{"embeddable":true,"href":"https:\/\/migracao.redenoticia.com.br\/noticia\/wp-json\/wp\/v2\/users\/2"}],"replies":[{"embeddable":true,"href":"https:\/\/migracao.redenoticia.com.br\/noticia\/wp-json\/wp\/v2\/comments?post=181048"}],"version-history":[{"count":0,"href":"https:\/\/migracao.redenoticia.com.br\/noticia\/wp-json\/wp\/v2\/posts\/181048\/revisions"}],"wp:featuredmedia":[{"embeddable":true,"href":"https:\/\/migracao.redenoticia.com.br\/noticia\/wp-json\/wp\/v2\/media\/173627"}],"wp:attachment":[{"href":"https:\/\/migracao.redenoticia.com.br\/noticia\/wp-json\/wp\/v2\/media?parent=181048"}],"wp:term":[{"taxonomy":"category","embeddable":true,"href":"https:\/\/migracao.redenoticia.com.br\/noticia\/wp-json\/wp\/v2\/categories?post=181048"},{"taxonomy":"post_tag","embeddable":true,"href":"https:\/\/migracao.redenoticia.com.br\/noticia\/wp-json\/wp\/v2\/tags?post=181048"}],"curies":[{"name":"wp","href":"https:\/\/api.w.org\/{rel}","templated":true}]}}