{"id":181091,"date":"2019-08-26T10:37:48","date_gmt":"2019-08-26T13:37:48","guid":{"rendered":"https:\/\/www.redenoticia.com.br\/noticia\/?p=181091"},"modified":"2019-08-26T10:37:53","modified_gmt":"2019-08-26T13:37:53","slug":"resumo-novela-cumplices-de-um-resgate-27-08-geraldo-desconfia-de-isabela","status":"publish","type":"post","link":"https:\/\/migracao.redenoticia.com.br\/noticia\/2019\/resumo-novela-cumplices-de-um-resgate-27-08-geraldo-desconfia-de-isabela\/181091","title":{"rendered":"Resumo novela \u201cC\u00famplices de um Resgate\u201d 27\/08: Geraldo desconfia de Isabela"},"content":{"rendered":"<p><img loading=\"lazy\" decoding=\"async\" class=\"aligncenter size-large wp-image-164526\" src=\"https:\/\/migracao.redenoticia.com.br\/noticia\/imagens\/cumplices-de-um-resgate-001-316x300.jpg\" alt=\"\" width=\"316\" height=\"300\" srcset=\"https:\/\/migracao.redenoticia.com.br\/noticia\/imagens\/cumplices-de-um-resgate-001-316x300.jpg 316w, https:\/\/migracao.redenoticia.com.br\/noticia\/imagens\/cumplices-de-um-resgate-001-197x187.jpg 197w, https:\/\/migracao.redenoticia.com.br\/noticia\/imagens\/cumplices-de-um-resgate-001-150x143.jpg 150w, https:\/\/migracao.redenoticia.com.br\/noticia\/imagens\/cumplices-de-um-resgate-001.jpg 526w\" sizes=\"auto, (max-width: 316px) 100vw, 316px\" \/> Resumo novela \u201cC\u00famplices de um Resgate\u201d 27\/08: no cap\u00edtulo 167(*) da novela, ter\u00e7a-feira, 27 de agosto, Omar e Mateus se provocam durante o teste e Augusto diz a Fl\u00e1via que eles s\u00e3o perfeitos para interpretarem Davi e Golias. Safira diz que Priscila s\u00f3 poder\u00e1 viajar se for acompanhada pelos av\u00f3s. Helena e Pedro dizem para Joel que ir\u00e3o levar as crian\u00e7as para um show na cidade. Joel liga para Geraldo para conseguir ingressos VIP. Geraldo se preocupa com a presen\u00e7a do pessoal do vilarejo no show. Mateus toca a m\u00fasica da C1R perto de T\u00e9o. O menino percebe que a voz \u00e9 id\u00eantica \u00e0 de Manuela.<\/p>\n<p>Antonela tenta convencer os dois a n\u00e3o irem ao show. No ensaio, Isabela se comporta como ela \u00e9 de verdade e Geraldo desconfia. Geraldo conversa com ela que, para disfar\u00e7ar, volta a interpretar Manuela. Ot\u00e1vio leva Rebeca para conhecer seu av\u00f4, que tamb\u00e9m se chama Ot\u00e1vio (Sylvio Zilber). Lola v\u00ea Meire chorando no p\u00e1tio por n\u00e3o saber o que fazer se n\u00e3o for sindica novamente e conta tudo para sua m\u00e3e. Nina diz para Helena que suspeita de algo errado sobre a hist\u00f3ria de Antonela. Geraldo e Regina conversam sobre como impedir o pessoal do vilarejo de chegar ao show.<\/p>\n<p>Isabela ouve a conversa e descobre que eles desejam sequestrar as crian\u00e7as do vilarejo. Meire faz as malas e diz que se mudar\u00e1 do condom\u00ednio por n\u00e3o ser a s\u00edndica. Com d\u00f3 de Meire, Al\u00edcia desiste de ser s\u00edndica. Ot\u00e1vio diz a Rebeca que s\u00f3 a levou para conhecer seu av\u00f4 porque a ama muito. Isabela envia um bilhete para Manuela, dizendo que quer conversar pessoalmente com ela. Of\u00e9lio ajuda Manuela a chegar ao quarto de Isabela. Regina desconfia de Of\u00e9lio.<\/p>\n<p>(*) edi\u00e7\u00e3o do SBT, Novela \u201cC\u00famplices de um Resgate\u201d, sujeito a altera\u00e7\u00e3o de data e conte\u00fado.<\/p>\n","protected":false},"excerpt":{"rendered":"<p>Resumo novela \u201cC\u00famplices de um Resgate\u201d 27\/08: no cap\u00edtulo 167(*) da novela, ter\u00e7a-feira, 27 de agosto, Omar e Mateus se provocam durante o teste e Augusto diz a Fl\u00e1via que eles s\u00e3o perfeitos para interpretarem Davi e Golias. Safira diz que Priscila s\u00f3 poder\u00e1 viajar se for acompanhada pelos av\u00f3s. Helena e Pedro dizem para [&hellip;]<\/p>\n","protected":false},"author":4,"featured_media":164526,"comment_status":"open","ping_status":"closed","sticky":false,"template":"","format":"standard","meta":{"tdm_status":"","tdm_grid_status":"","footnotes":""},"categories":[379,372,343],"tags":[441],"class_list":{"0":"post-181091","1":"post","2":"type-post","3":"status-publish","4":"format-standard","5":"has-post-thumbnail","7":"category-novelas","8":"category-sbt","9":"category-televisao","10":"tag-resumo-do-dia"},"_links":{"self":[{"href":"https:\/\/migracao.redenoticia.com.br\/noticia\/wp-json\/wp\/v2\/posts\/181091","targetHints":{"allow":["GET"]}}],"collection":[{"href":"https:\/\/migracao.redenoticia.com.br\/noticia\/wp-json\/wp\/v2\/posts"}],"about":[{"href":"https:\/\/migracao.redenoticia.com.br\/noticia\/wp-json\/wp\/v2\/types\/post"}],"author":[{"embeddable":true,"href":"https:\/\/migracao.redenoticia.com.br\/noticia\/wp-json\/wp\/v2\/users\/4"}],"replies":[{"embeddable":true,"href":"https:\/\/migracao.redenoticia.com.br\/noticia\/wp-json\/wp\/v2\/comments?post=181091"}],"version-history":[{"count":0,"href":"https:\/\/migracao.redenoticia.com.br\/noticia\/wp-json\/wp\/v2\/posts\/181091\/revisions"}],"wp:featuredmedia":[{"embeddable":true,"href":"https:\/\/migracao.redenoticia.com.br\/noticia\/wp-json\/wp\/v2\/media\/164526"}],"wp:attachment":[{"href":"https:\/\/migracao.redenoticia.com.br\/noticia\/wp-json\/wp\/v2\/media?parent=181091"}],"wp:term":[{"taxonomy":"category","embeddable":true,"href":"https:\/\/migracao.redenoticia.com.br\/noticia\/wp-json\/wp\/v2\/categories?post=181091"},{"taxonomy":"post_tag","embeddable":true,"href":"https:\/\/migracao.redenoticia.com.br\/noticia\/wp-json\/wp\/v2\/tags?post=181091"}],"curies":[{"name":"wp","href":"https:\/\/api.w.org\/{rel}","templated":true}]}}