{"id":181121,"date":"2019-08-28T21:52:39","date_gmt":"2019-08-29T00:52:39","guid":{"rendered":"https:\/\/www.redenoticia.com.br\/noticia\/?p=181121"},"modified":"2019-08-28T22:18:26","modified_gmt":"2019-08-29T01:18:26","slug":"novela-a-dona-do-pedaco-regis-comeca-a-mimar-o-filho","status":"publish","type":"post","link":"https:\/\/migracao.redenoticia.com.br\/noticia\/2019\/novela-a-dona-do-pedaco-regis-comeca-a-mimar-o-filho\/181121","title":{"rendered":"Novela \u201cA Dona do Peda\u00e7o\u201d: R\u00e9gis come\u00e7a a mimar o filho"},"content":{"rendered":"<p><strong><em><img loading=\"lazy\" decoding=\"async\" class=\"aligncenter size-large wp-image-175348\" src=\"https:\/\/migracao.redenoticia.com.br\/noticia\/imagens\/A-Dona-do-Pedaco-globo-resumo-314x300.jpg\" alt=\"\" width=\"314\" height=\"300\" srcset=\"https:\/\/migracao.redenoticia.com.br\/noticia\/imagens\/A-Dona-do-Pedaco-globo-resumo-314x300.jpg 314w, https:\/\/migracao.redenoticia.com.br\/noticia\/imagens\/A-Dona-do-Pedaco-globo-resumo-196x187.jpg 196w, https:\/\/migracao.redenoticia.com.br\/noticia\/imagens\/A-Dona-do-Pedaco-globo-resumo.jpg 457w\" sizes=\"auto, (max-width: 314px) 100vw, 314px\" \/><\/em><\/strong><\/p>\n<p><strong><em>Novela &#8220;A Dona do Peda\u00e7o\u201d:<\/em><\/strong> R\u00e9gis (Reynaldo Gianecchini) decide reconquistar Maria da Paz (Juliana Paes) e se une a T\u00e9o (Rainer Cadete) para financiar uma nova confeitaria para ela. Disposto a corrigir seus erros, ele procura Roma (Julia Lund): &#8220;Nunca fiz aquele teste de DNA. Na \u00e9poca eu s\u00f3 queria saber de casar com a Maria da Paz, pegar o dinheiro dela. A gente faz tanta coisa errada. Mas sabe o que \u00e9 bom da vida? A gente pode voltar atr\u00e1s. Me d\u00e1 essa oportunidade. Me deixa fazer um novo teste de DNA. Agora de verdade&#8221;.<\/p>\n<p>R\u00e9gis faz o novo exame de DNA e se reune com Roma e Arthur (Bernardo Dantas Ribas) para ver o resultado. Ele l\u00ea o documento e anuncia: &#8220;Eu sou seu pai, Arthur. Que bom. Tou muito feliz. Tenho o maior orgulho de ser seu pai. D\u00e1&#8230; Um abra\u00e7o&#8221;. R\u00e9gis come\u00e7a a mimar o filho: &#8220;Pode tomar quantos sorvetes quiser &#8230; Eu fiquei tanto tempo longe do Arthur. Agora temos que comemorar. Eu ganhei um filho&#8221;. Arthur comemora. Cena prevista para setembro na novela \u201cA Dona do Peda\u00e7o\u201d.<\/p>\n<p>Sinopse \u201cA Dona do Peda\u00e7o\u201d: a novela enaltece a trajet\u00f3ria de Maria da Paz (Juliana Paes), uma jovem humilde, da cidade fict\u00edcia de Rio Vermelho, no Esp\u00edrito Santo. Maria vem de uma fam\u00edlia de justiceiros profissionais, os Ramirez, e se apaixona justamente por Amadeu (Marcos Palmeira), advogado formado em Vit\u00f3ria e membro do cl\u00e3 rival nos neg\u00f3cios, os Matheus. A trama, dividida em um pr\u00f3logo e duas fases, traz uma hist\u00f3ria de amor com elementos \u00e0 Romeu e Julieta, sem perder o humor, que permeia todo o folhetim.<\/p>\n","protected":false},"excerpt":{"rendered":"<p>Novela &#8220;A Dona do Peda\u00e7o\u201d: R\u00e9gis (Reynaldo Gianecchini) decide reconquistar Maria da Paz (Juliana Paes) e se une a T\u00e9o (Rainer Cadete) para financiar uma nova confeitaria para ela. Disposto a corrigir seus erros, ele procura Roma (Julia Lund): &#8220;Nunca fiz aquele teste de DNA. Na \u00e9poca eu s\u00f3 queria saber de casar com a [&hellip;]<\/p>\n","protected":false},"author":2,"featured_media":176901,"comment_status":"open","ping_status":"closed","sticky":false,"template":"","format":"standard","meta":{"tdm_status":"","tdm_grid_status":"","footnotes":""},"categories":[543,388,379,375,343],"tags":[440],"class_list":{"0":"post-181121","1":"post","2":"type-post","3":"status-publish","4":"format-standard","5":"has-post-thumbnail","7":"category-a-dona-do-pedaco","8":"category-destaques","9":"category-novelas","10":"category-rede-globo","11":"category-televisao","12":"tag-noticia-novela"},"_links":{"self":[{"href":"https:\/\/migracao.redenoticia.com.br\/noticia\/wp-json\/wp\/v2\/posts\/181121","targetHints":{"allow":["GET"]}}],"collection":[{"href":"https:\/\/migracao.redenoticia.com.br\/noticia\/wp-json\/wp\/v2\/posts"}],"about":[{"href":"https:\/\/migracao.redenoticia.com.br\/noticia\/wp-json\/wp\/v2\/types\/post"}],"author":[{"embeddable":true,"href":"https:\/\/migracao.redenoticia.com.br\/noticia\/wp-json\/wp\/v2\/users\/2"}],"replies":[{"embeddable":true,"href":"https:\/\/migracao.redenoticia.com.br\/noticia\/wp-json\/wp\/v2\/comments?post=181121"}],"version-history":[{"count":0,"href":"https:\/\/migracao.redenoticia.com.br\/noticia\/wp-json\/wp\/v2\/posts\/181121\/revisions"}],"wp:featuredmedia":[{"embeddable":true,"href":"https:\/\/migracao.redenoticia.com.br\/noticia\/wp-json\/wp\/v2\/media\/176901"}],"wp:attachment":[{"href":"https:\/\/migracao.redenoticia.com.br\/noticia\/wp-json\/wp\/v2\/media?parent=181121"}],"wp:term":[{"taxonomy":"category","embeddable":true,"href":"https:\/\/migracao.redenoticia.com.br\/noticia\/wp-json\/wp\/v2\/categories?post=181121"},{"taxonomy":"post_tag","embeddable":true,"href":"https:\/\/migracao.redenoticia.com.br\/noticia\/wp-json\/wp\/v2\/tags?post=181121"}],"curies":[{"name":"wp","href":"https:\/\/api.w.org\/{rel}","templated":true}]}}