{"id":181130,"date":"2019-08-26T10:34:07","date_gmt":"2019-08-26T13:34:07","guid":{"rendered":"https:\/\/www.redenoticia.com.br\/noticia\/?p=181130"},"modified":"2019-08-26T20:33:11","modified_gmt":"2019-08-26T23:33:11","slug":"resumo-novela-abismo-de-paixao-27-08-rogerio-e-carmem-se-beijam","status":"publish","type":"post","link":"https:\/\/migracao.redenoticia.com.br\/noticia\/2019\/resumo-novela-abismo-de-paixao-27-08-rogerio-e-carmem-se-beijam\/181130","title":{"rendered":"Resumo novela \u201cAbismo de Paix\u00e3o\u201d 27\/08: Rog\u00e9rio e Carmem se beijam"},"content":{"rendered":"<p><img loading=\"lazy\" decoding=\"async\" class=\"aligncenter size-large wp-image-181127\" src=\"https:\/\/migracao.redenoticia.com.br\/noticia\/imagens\/abismo-de-paixao-sbt-resumo-327x300.jpg\" alt=\"\" width=\"327\" height=\"300\" srcset=\"https:\/\/migracao.redenoticia.com.br\/noticia\/imagens\/abismo-de-paixao-sbt-resumo-327x300.jpg 327w, https:\/\/migracao.redenoticia.com.br\/noticia\/imagens\/abismo-de-paixao-sbt-resumo-204x187.jpg 204w, https:\/\/migracao.redenoticia.com.br\/noticia\/imagens\/abismo-de-paixao-sbt-resumo.jpg 426w\" sizes=\"auto, (max-width: 327px) 100vw, 327px\" \/><\/p>\n<p>Resumo da novela<strong><em> \u201cAbismo de Paix\u00e3o\u201d&nbsp;<\/em><\/strong> em 27\/08: no cap\u00edtulo 001(*) da novela, ter\u00e7a-feira, 27 de agosto, A hist\u00f3ria acontece no povoado \u201cEremita\u201d. Estef\u00e2nia, a esposa de Augusto, organiza um jantar em sua casa para dar fim a qualquer conflito que tenha com Alfonsina, a esposa de Rodrigo, o melhor amigo de seu marido. Contudo, isto n\u00e3o servir\u00e1 de nada, pois Alfonsina est\u00e1 certa de que Estef\u00e2nia e Rodrigo s\u00e3o amantes e conta tudo a Augusto. Ele ent\u00e3o fica muito contrariado com a situa\u00e7\u00e3o e come\u00e7a a duvidar da fidelidade de sua mulher, mais ainda quando altas horas da noite v\u00ea seu amigo Rodrigo rodeando os arredores de sua casa.<\/p>\n<p>Dami\u00e3o, Elisa e Gael que j\u00e1 s\u00e3o bons amigos, encontram Paloma que quer brincar com eles, mas Gael a rejeita. Por outro lado, Alfonsina, a m\u00e3e de Dami\u00e3o, n\u00e3o v\u00ea com bons olhos a amizade de seu filho com Gael, pois \u00e9 um jovem \u00f3rf\u00e3o que foi adotado pelo Padre Lupe. Rodrigo beija com paix\u00e3o a uma mulher n\u00e3o identificada e Ramiro os v\u00ea. Enquanto isso, Carminha, a irm\u00e3 de Estef\u00e2nia, mant\u00e9m uma rela\u00e7\u00e3o com um homem casado.<\/p>\n<p>(*) edi\u00e7\u00e3o do SBT, Novela \u201cAbismo de Paix\u00e3o\u201d, sujeito a altera\u00e7\u00e3o de data e conte\u00fado.<\/p>\n<p>&#8220;Abismo de Paix\u00e3o&#8221;- Augusto Casta\u00f1\u00f3n (Alejandro Camacho) e Estef\u00e2nia Bouvier de Casta\u00f1\u00f3n (Ludwika Paleta) s\u00e3o pais de Elisa (Angelique Boyer). Com eles vive Carmen Bouvier (Sabine Moussier), irm\u00e3 mais velha de Estef\u00e2nia e que vai fugir do povoado com Rog\u00e9rio Arango (C\u00e9sar \u00c9vora), esposo de Almerinda Arango (Blanca Guerra) e pai de Dami\u00e3o (David Zepeda), melhor amigo de Elisa. Almerinda descobre e alerta a Augusto.<\/p>\n<p>Por sua parte, Estef\u00e2nia tenta impedir Rog\u00e9rio a n\u00e3o abandonar sua fam\u00edlia, mas devido ao intemp\u00e9rie da chuva, ambos morrem em um acidente de carro. Carmem aproveita o fato para fazer Augusto acreditar que sua esposa era infiel. Augusto, por despeito, casa-se com Carmem, apesar de n\u00e3o estar apaixonado por ela e nem am\u00e1-la. Carmem est\u00e1 gr\u00e1vida de Rog\u00e9rio, mas mente para Augusto, dizendo que o filho \u00e9 dele. Querendo bater em Elisa, Carmem escorrega e cai na piscina da casa, causando morte s\u00fabita ao beb\u00ea. Por sua parte, Almerinda decide mandar a Dami\u00e3o para fora do povoado a estudar para separ\u00e1-lo de Elisa de quem \u00e9 muito amigo, amizade que ela n\u00e3o v\u00ea com bons olhos, ap\u00f3s inocentemente os dois fugirem juntos.<\/p>\n","protected":false},"excerpt":{"rendered":"<p>Resumo da novela \u201cAbismo de Paix\u00e3o\u201d&nbsp; em 27\/08: no cap\u00edtulo 001(*) da novela, ter\u00e7a-feira, 27 de agosto, A hist\u00f3ria acontece no povoado \u201cEremita\u201d. Estef\u00e2nia, a esposa de Augusto, organiza um jantar em sua casa para dar fim a qualquer conflito que tenha com Alfonsina, a esposa de Rodrigo, o melhor amigo de seu marido. Contudo, [&hellip;]<\/p>\n","protected":false},"author":2,"featured_media":181126,"comment_status":"open","ping_status":"closed","sticky":false,"template":"","format":"standard","meta":{"tdm_status":"","tdm_grid_status":"","footnotes":""},"categories":[379,372,343],"tags":[441],"class_list":{"0":"post-181130","1":"post","2":"type-post","3":"status-publish","4":"format-standard","5":"has-post-thumbnail","7":"category-novelas","8":"category-sbt","9":"category-televisao","10":"tag-resumo-do-dia"},"_links":{"self":[{"href":"https:\/\/migracao.redenoticia.com.br\/noticia\/wp-json\/wp\/v2\/posts\/181130","targetHints":{"allow":["GET"]}}],"collection":[{"href":"https:\/\/migracao.redenoticia.com.br\/noticia\/wp-json\/wp\/v2\/posts"}],"about":[{"href":"https:\/\/migracao.redenoticia.com.br\/noticia\/wp-json\/wp\/v2\/types\/post"}],"author":[{"embeddable":true,"href":"https:\/\/migracao.redenoticia.com.br\/noticia\/wp-json\/wp\/v2\/users\/2"}],"replies":[{"embeddable":true,"href":"https:\/\/migracao.redenoticia.com.br\/noticia\/wp-json\/wp\/v2\/comments?post=181130"}],"version-history":[{"count":0,"href":"https:\/\/migracao.redenoticia.com.br\/noticia\/wp-json\/wp\/v2\/posts\/181130\/revisions"}],"wp:featuredmedia":[{"embeddable":true,"href":"https:\/\/migracao.redenoticia.com.br\/noticia\/wp-json\/wp\/v2\/media\/181126"}],"wp:attachment":[{"href":"https:\/\/migracao.redenoticia.com.br\/noticia\/wp-json\/wp\/v2\/media?parent=181130"}],"wp:term":[{"taxonomy":"category","embeddable":true,"href":"https:\/\/migracao.redenoticia.com.br\/noticia\/wp-json\/wp\/v2\/categories?post=181130"},{"taxonomy":"post_tag","embeddable":true,"href":"https:\/\/migracao.redenoticia.com.br\/noticia\/wp-json\/wp\/v2\/tags?post=181130"}],"curies":[{"name":"wp","href":"https:\/\/api.w.org\/{rel}","templated":true}]}}