{"id":181150,"date":"2019-09-08T20:37:28","date_gmt":"2019-09-08T23:37:28","guid":{"rendered":"https:\/\/www.redenoticia.com.br\/noticia\/?p=181150"},"modified":"2019-09-08T20:39:36","modified_gmt":"2019-09-08T23:39:36","slug":"novela-a-dona-do-pedaco-cornelia-ganha-na-mega-sena-e-manda-pizza-para-maria","status":"publish","type":"post","link":"https:\/\/migracao.redenoticia.com.br\/noticia\/2019\/novela-a-dona-do-pedaco-cornelia-ganha-na-mega-sena-e-manda-pizza-para-maria\/181150","title":{"rendered":"Novela \u201cA Dona do Peda\u00e7o\u201d: Corn\u00e9lia ganha na Mega Sena e manda pizza para Maria"},"content":{"rendered":"<p><strong><em><img loading=\"lazy\" decoding=\"async\" class=\"aligncenter size-large wp-image-175348\" src=\"https:\/\/migracao.redenoticia.com.br\/noticia\/imagens\/A-Dona-do-Pedaco-globo-resumo-314x300.jpg\" alt=\"\" width=\"314\" height=\"300\" srcset=\"https:\/\/migracao.redenoticia.com.br\/noticia\/imagens\/A-Dona-do-Pedaco-globo-resumo-314x300.jpg 314w, https:\/\/migracao.redenoticia.com.br\/noticia\/imagens\/A-Dona-do-Pedaco-globo-resumo-196x187.jpg 196w, https:\/\/migracao.redenoticia.com.br\/noticia\/imagens\/A-Dona-do-Pedaco-globo-resumo.jpg 457w\" sizes=\"auto, (max-width: 314px) 100vw, 314px\" \/><\/em><\/strong><\/p>\n<p><strong><em>Novela &#8220;A Dona do Peda\u00e7o\u201d:<\/em><\/strong> Corn\u00e9lia (Betty Faria) ganha na Mega Sena e conta a novidade para Marlene (Suely Franco): \u201cS\u00f3 vim dar a not\u00edcia. Agora vou na pizzaria\u2026 e voc\u00ea, Maria da Paz, receber\u00e1 sua pizza aqui\u2026 j\u00e1 paga. Adeusinho\u201d. Marlene conversa com Maria da Paz (Juliana Paes): \u201cSe ela ganhou sozinha, \u00e9 muito dinheiro. Pede para ela comprar a f\u00e1brica para voc\u00ea de novo\u201d.<\/p>\n<p>Maria da Paz lembra: \u201cMas o Eus\u00e9bio sempre achou que tinha direito \u00e0 metade do que eu tinha, e a gente brigou muito por isso. Eu nunca quis dar a metade do meu\u2026 O dinheiro que ela ganhou agora \u00e9 dela e da fam\u00edlia dela. N\u00e3o vou pedir nem metade, nem um dinheir\u00e3o. S\u00f3 espero que ela seja feliz com o dinheiro &#8230; Eu penso muitas vezes que o dinheiro n\u00e3o me trouxe felicidade e n\u00e3o traz pra ningu\u00e9m. Marlene, o dinheiro mexeu com a cabe\u00e7a da minha filha e eu n\u00e3o soube ver isso a tempo\u201d. Cena prevista para dia 09 de setembro na novela \u201cA Dona do Peda\u00e7o\u201d.<\/p>\n<p>Sinopse \u201cA Dona do Peda\u00e7o\u201d: a novela enaltece a trajet\u00f3ria de Maria da Paz (Juliana Paes), uma jovem humilde, da cidade fict\u00edcia de Rio Vermelho, no Esp\u00edrito Santo. Maria vem de uma fam\u00edlia de justiceiros profissionais, os Ramirez, e se apaixona justamente por Amadeu (Marcos Palmeira), advogado formado em Vit\u00f3ria e membro do cl\u00e3 rival nos neg\u00f3cios, os Matheus. A trama, dividida em um pr\u00f3logo e duas fases, traz uma hist\u00f3ria de amor com elementos \u00e0 Romeu e Julieta, sem perder o humor, que permeia todo o folhetim.<\/p>\n","protected":false},"excerpt":{"rendered":"<p>Novela &#8220;A Dona do Peda\u00e7o\u201d: Corn\u00e9lia (Betty Faria) ganha na Mega Sena e conta a novidade para Marlene (Suely Franco): \u201cS\u00f3 vim dar a not\u00edcia. Agora vou na pizzaria\u2026 e voc\u00ea, Maria da Paz, receber\u00e1 sua pizza aqui\u2026 j\u00e1 paga. Adeusinho\u201d. Marlene conversa com Maria da Paz (Juliana Paes): \u201cSe ela ganhou sozinha, \u00e9 muito [&hellip;]<\/p>\n","protected":false},"author":2,"featured_media":178249,"comment_status":"open","ping_status":"closed","sticky":false,"template":"","format":"standard","meta":{"tdm_status":"","tdm_grid_status":"","footnotes":""},"categories":[543,379,375,343],"tags":[440],"class_list":{"0":"post-181150","1":"post","2":"type-post","3":"status-publish","4":"format-standard","5":"has-post-thumbnail","7":"category-a-dona-do-pedaco","8":"category-novelas","9":"category-rede-globo","10":"category-televisao","11":"tag-noticia-novela"},"_links":{"self":[{"href":"https:\/\/migracao.redenoticia.com.br\/noticia\/wp-json\/wp\/v2\/posts\/181150","targetHints":{"allow":["GET"]}}],"collection":[{"href":"https:\/\/migracao.redenoticia.com.br\/noticia\/wp-json\/wp\/v2\/posts"}],"about":[{"href":"https:\/\/migracao.redenoticia.com.br\/noticia\/wp-json\/wp\/v2\/types\/post"}],"author":[{"embeddable":true,"href":"https:\/\/migracao.redenoticia.com.br\/noticia\/wp-json\/wp\/v2\/users\/2"}],"replies":[{"embeddable":true,"href":"https:\/\/migracao.redenoticia.com.br\/noticia\/wp-json\/wp\/v2\/comments?post=181150"}],"version-history":[{"count":0,"href":"https:\/\/migracao.redenoticia.com.br\/noticia\/wp-json\/wp\/v2\/posts\/181150\/revisions"}],"wp:featuredmedia":[{"embeddable":true,"href":"https:\/\/migracao.redenoticia.com.br\/noticia\/wp-json\/wp\/v2\/media\/178249"}],"wp:attachment":[{"href":"https:\/\/migracao.redenoticia.com.br\/noticia\/wp-json\/wp\/v2\/media?parent=181150"}],"wp:term":[{"taxonomy":"category","embeddable":true,"href":"https:\/\/migracao.redenoticia.com.br\/noticia\/wp-json\/wp\/v2\/categories?post=181150"},{"taxonomy":"post_tag","embeddable":true,"href":"https:\/\/migracao.redenoticia.com.br\/noticia\/wp-json\/wp\/v2\/tags?post=181150"}],"curies":[{"name":"wp","href":"https:\/\/api.w.org\/{rel}","templated":true}]}}