{"id":181157,"date":"2019-08-27T16:21:32","date_gmt":"2019-08-27T19:21:32","guid":{"rendered":"https:\/\/www.redenoticia.com.br\/noticia\/?p=181157"},"modified":"2019-08-27T16:21:32","modified_gmt":"2019-08-27T19:21:32","slug":"resumo-novela-a-que-nao-podia-amar-28-08-ana-paula-aceita-se-casar-na-igreja","status":"publish","type":"post","link":"https:\/\/migracao.redenoticia.com.br\/noticia\/2019\/resumo-novela-a-que-nao-podia-amar-28-08-ana-paula-aceita-se-casar-na-igreja\/181157","title":{"rendered":"Resumo novela \u201cA Que N\u00e3o Podia Amar\u201d 28\/08: Ana Paula aceita se casar na Igreja"},"content":{"rendered":"<p><strong><em><img loading=\"lazy\" decoding=\"async\" class=\"aligncenter size-large wp-image-173635\" src=\"https:\/\/migracao.redenoticia.com.br\/noticia\/imagens\/a-que-nao-podia-amar-400x271.jpg\" alt=\"\" width=\"400\" height=\"271\" srcset=\"https:\/\/migracao.redenoticia.com.br\/noticia\/imagens\/a-que-nao-podia-amar-400x271.jpg 400w, https:\/\/migracao.redenoticia.com.br\/noticia\/imagens\/a-que-nao-podia-amar-250x169.jpg 250w, https:\/\/migracao.redenoticia.com.br\/noticia\/imagens\/a-que-nao-podia-amar-560x379.jpg 560w, https:\/\/migracao.redenoticia.com.br\/noticia\/imagens\/a-que-nao-podia-amar.jpg 620w\" sizes=\"auto, (max-width: 400px) 100vw, 400px\" \/><\/em><\/strong><\/p>\n<p>Resumo da novela<strong><em> \u201cA Que N\u00e3o Podia Amar\u201d&nbsp;<\/em><\/strong> em 28\/08: no cap\u00edtulo 103(*) da novela, quarta-feira, 28 de agosto, Gustavo passa ordens a Elias, e o capataz se mostra relutante em obedecer. O engenheiro o desafia, e diz que se n\u00e3o fizer o que est\u00e1 mandando, ele ser\u00e1 despedido imediatamente e que ver\u00e3o a quem Rog\u00e9rio dar\u00e1 raz\u00e3o quando retornar. Dany, Rosaura e Miguel ficam sabendo que Elza matou Frederico. C\u00edntia tenta se acertar com Gustavo. No dia seguinte, o engenheiro conta \u00e0 irm\u00e3 que est\u00e1 cansado de tanto correr de um lado para o outro acertando as coisas da fazenda e que j\u00e1 n\u00e3o sabe se poder\u00e1 ser feliz ao lado de C\u00edntia, pois est\u00e1 come\u00e7ando a descobrir coisas dela que n\u00e3o est\u00e1 gostando nada. Mercedes aconselha o irm\u00e3o a tomar cuidado para que C\u00edntia n\u00e3o engravide, j\u00e1 que as coisas n\u00e3o est\u00e3o bem.<\/p>\n<p>Enquanto isso, Rog\u00e9rio, Ana Paula, Marquinho e Hugo passeiam pela capital. Rosaura zomba de Elza e assegura a Vanessa que ela tamb\u00e9m pode terminar louca. Estev\u00e3o conversa com Gustavo e se demonstra preocupado com a aproxima\u00e7\u00e3o de Rosa e Ulisses. Nervosa, Vanessa conta a C\u00edntia que Ana Paula j\u00e1 sabe que Elza matou seu pai e que ofereceu dinheiro emprestado para Rog\u00e9rio ficar comprometido com ela, mas que nem ele nem Ana Paula aceitaram. C\u00edntia aproveita para dizer que ela sim gostaria desse dinheiro emprestado. Rog\u00e9rio aproveita sua visita na capital para pedir a Ana Paula que se case com ele pela Igreja. Vanessa diz a C\u00edntia que \u00e9 melhor esperarem para ver se Rog\u00e9rio conseguiu o empr\u00e9stimo com o banco e muda de assunto. Ana Paula aceita se casar pela Igreja.<\/p>\n<p>Ana Paula canta para Rog\u00e9rio. Na fazenda, Maria recrimina Vanessa porque sabe que ela foi pra capital com o interesse de arruinar a viagem de Ana Paula e Rog\u00e9rio. A empregada recrimina a mo\u00e7a por n\u00e3o ter apoiado o fazendeiro quando ele mais precisou e acusa ela de s\u00f3 querer reatar o relacionamento por capricho. Ana Paula e Rog\u00e9rio decidem se casar na capela da fazenda, numa cerim\u00f4nia simples. Rog\u00e9rio pede a Ana Paula que se casem depois de sua opera\u00e7\u00e3o, contudo ela insiste que seja antes, pois ela n\u00e3o se importa por ele estar numa cadeira de rodas. No fim, Ana concorda em esperar. Conversando com Maria, Vanessa demonstra um arrependimento sincero por ter abandonado Rog\u00e9rio quando ele sofreu o acidente. Maria alega que quando se ama algu\u00e9m, voc\u00ea se esquece de voc\u00ea mesmo e s\u00f3 deseja o bem da pessoa amada. Vanessa responde que entende o que ela est\u00e1 dizendo, mas n\u00e3o sabe como fazer o cora\u00e7\u00e3o dela entender isso.<\/p>\n<p>Consuelo aconselha Elias a abrir os olhos, pois C\u00edntia est\u00e1 apaixonada por Gustavo e jamais vai deixar o engenheiro para ficar com ele. Mais uma vez, Maria chama a aten\u00e7\u00e3o de C\u00edntia por n\u00e3o se esfor\u00e7ar com os neg\u00f3cios da fazenda. C\u00edntia volta a pedir dinheiro emprestado para Vanessa, mas a filha de Elza \u00e9 sincera e diz que Rog\u00e9rio faria bom uso do dinheiro, enquanto C\u00edntia provavelmente sairia viajando com Gustavo. Estev\u00e3o recrimina Rosa por estar se aproximando muito de Ulisses enquanto ele ainda est\u00e1 casado com M\u00e1rcia. Na fazenda, Elias e C\u00edntia est\u00e3o na cama quando o capataz conta que no dia seguinte ser\u00e1 o anivers\u00e1rio de Maria. Ele tamb\u00e9m fala sobre insemina\u00e7\u00e3o artificial do gado.<\/p>\n<p>(*) edi\u00e7\u00e3o do SBT, Novela \u201cA Que N\u00e3o Podia Amar\u201d, sujeito a altera\u00e7\u00e3o de data e conte\u00fado.<\/p>\n<p>Destaques<\/p>\n<p>&#8220;A Que N\u00e3o Podia Amar&#8221;- Ana Paula, uma enfermeira humilde que se v\u00ea obrigada a trabalhar na casa de Rog\u00e9rio Montero (Jorge Salinas), um homem amargurado. Rog\u00e9rio sofre por ser parapl\u00e9gico e destrata todas as pessoas. Ana Paula atura tudo calada e o rica\u00e7o se apaixona por ela.<\/p>\n<p>Ana conhece Gustavo Duran (Jos\u00e9 Ron), um engenheiro nobre e trabalhador. Os dois se apaixonam, mas ter\u00e3o de enfrentar Rog\u00e9rio, j\u00e1 que ele tamb\u00e9m gosta da mocinha, formando assim, um tri\u00e2ngulo amoroso com terr\u00edveis consequ\u00eancias.<\/p>\n","protected":false},"excerpt":{"rendered":"<p>Resumo da novela \u201cA Que N\u00e3o Podia Amar\u201d&nbsp; em 28\/08: no cap\u00edtulo 103(*) da novela, quarta-feira, 28 de agosto, Gustavo passa ordens a Elias, e o capataz se mostra relutante em obedecer. O engenheiro o desafia, e diz que se n\u00e3o fizer o que est\u00e1 mandando, ele ser\u00e1 despedido imediatamente e que ver\u00e3o a quem [&hellip;]<\/p>\n","protected":false},"author":4,"featured_media":173627,"comment_status":"open","ping_status":"closed","sticky":false,"template":"","format":"standard","meta":{"tdm_status":"","tdm_grid_status":"","footnotes":""},"categories":[379,372,343],"tags":[441],"class_list":{"0":"post-181157","1":"post","2":"type-post","3":"status-publish","4":"format-standard","5":"has-post-thumbnail","7":"category-novelas","8":"category-sbt","9":"category-televisao","10":"tag-resumo-do-dia"},"_links":{"self":[{"href":"https:\/\/migracao.redenoticia.com.br\/noticia\/wp-json\/wp\/v2\/posts\/181157","targetHints":{"allow":["GET"]}}],"collection":[{"href":"https:\/\/migracao.redenoticia.com.br\/noticia\/wp-json\/wp\/v2\/posts"}],"about":[{"href":"https:\/\/migracao.redenoticia.com.br\/noticia\/wp-json\/wp\/v2\/types\/post"}],"author":[{"embeddable":true,"href":"https:\/\/migracao.redenoticia.com.br\/noticia\/wp-json\/wp\/v2\/users\/4"}],"replies":[{"embeddable":true,"href":"https:\/\/migracao.redenoticia.com.br\/noticia\/wp-json\/wp\/v2\/comments?post=181157"}],"version-history":[{"count":0,"href":"https:\/\/migracao.redenoticia.com.br\/noticia\/wp-json\/wp\/v2\/posts\/181157\/revisions"}],"wp:featuredmedia":[{"embeddable":true,"href":"https:\/\/migracao.redenoticia.com.br\/noticia\/wp-json\/wp\/v2\/media\/173627"}],"wp:attachment":[{"href":"https:\/\/migracao.redenoticia.com.br\/noticia\/wp-json\/wp\/v2\/media?parent=181157"}],"wp:term":[{"taxonomy":"category","embeddable":true,"href":"https:\/\/migracao.redenoticia.com.br\/noticia\/wp-json\/wp\/v2\/categories?post=181157"},{"taxonomy":"post_tag","embeddable":true,"href":"https:\/\/migracao.redenoticia.com.br\/noticia\/wp-json\/wp\/v2\/tags?post=181157"}],"curies":[{"name":"wp","href":"https:\/\/api.w.org\/{rel}","templated":true}]}}