{"id":181161,"date":"2019-08-27T16:25:13","date_gmt":"2019-08-27T19:25:13","guid":{"rendered":"https:\/\/www.redenoticia.com.br\/noticia\/?p=181161"},"modified":"2019-08-27T16:25:19","modified_gmt":"2019-08-27T19:25:19","slug":"resumo-novela-cumplices-de-um-resgate-28-08-regina-proibe-ofelio-sair-sozinho-com-manuela","status":"publish","type":"post","link":"https:\/\/migracao.redenoticia.com.br\/noticia\/2019\/resumo-novela-cumplices-de-um-resgate-28-08-regina-proibe-ofelio-sair-sozinho-com-manuela\/181161","title":{"rendered":"Resumo novela \u201cC\u00famplices de um Resgate\u201d 28\/08: Regina pro\u00edbe Of\u00e9lio sair sozinho com Manuela"},"content":{"rendered":"<p><img loading=\"lazy\" decoding=\"async\" class=\"aligncenter size-large wp-image-164526\" src=\"https:\/\/migracao.redenoticia.com.br\/noticia\/imagens\/cumplices-de-um-resgate-001-316x300.jpg\" alt=\"\" width=\"316\" height=\"300\" srcset=\"https:\/\/migracao.redenoticia.com.br\/noticia\/imagens\/cumplices-de-um-resgate-001-316x300.jpg 316w, https:\/\/migracao.redenoticia.com.br\/noticia\/imagens\/cumplices-de-um-resgate-001-197x187.jpg 197w, https:\/\/migracao.redenoticia.com.br\/noticia\/imagens\/cumplices-de-um-resgate-001-150x143.jpg 150w, https:\/\/migracao.redenoticia.com.br\/noticia\/imagens\/cumplices-de-um-resgate-001.jpg 526w\" sizes=\"auto, (max-width: 316px) 100vw, 316px\" \/> Resumo novela \u201cC\u00famplices de um Resgate\u201d 28\/08: no cap\u00edtulo 168(*) da novela, quarta-feira, 28 de agosto, Nina convida Antonela para tomar um caf\u00e9 em sua casa. Isabela conta o que ouviu para sua irm\u00e3 e diz que o melhor \u00e9 que ela volte a fingir ser Manuela para sua fam\u00edlia e fique no vilarejo at\u00e9 que elas descubram uma maneira de Regina n\u00e3o ficar com sua heran\u00e7a. Lu\u00eds coloca seu carro a venda. Antonela conta sua hist\u00f3ria para Nina e pede para ela n\u00e3o contar nada a ningu\u00e9m. Al\u00edcia renuncia o cargo de s\u00edndica e Meire desiste de sair do condom\u00ednio. Regina diz a Of\u00e9lio que ele n\u00e3o sair\u00e1 mais sozinho com Manuela. Como um funcion\u00e1rio do estoque da confec\u00e7\u00e3o havia se demitido, Clara oferece a vaga para Lu\u00eds. Lu\u00eds aceita.<\/p>\n<p>Safira conversa com Berta e prop\u00f5e uma sociedade numa nova confec\u00e7\u00e3o. Isabela guarda uma bola de golfe como lembran\u00e7a de seu pai. Come\u00e7am os ensaios da pe\u00e7a no vilarejo. Joel conversa com Helena e pega na m\u00e3o dela na cl\u00ednica veterin\u00e1ria. Pedro chega com T\u00e9o e fica irritado ao ver a cena. Em seguida, Pedro confessa para Helena que n\u00e3o gosta do jeito que Joel olhou pra ela. Manuela conta os planos de Isabela para os C\u00famplices, mas lamenta que Of\u00e9lio n\u00e3o \u00e9 mais seu motorista. Antonela diz a Pedro para tomar cuidado com as crian\u00e7as na cidade. Os C\u00famplices pensam em um jeito de levar Isabela para o vilarejo, j\u00e1 que Of\u00e9lio n\u00e3o poder\u00e1 ajud\u00e1-los. Eles cogitam a possibilidade de ir andando.<\/p>\n<p>(*) edi\u00e7\u00e3o do SBT, Novela \u201cC\u00famplices de um Resgate\u201d, sujeito a altera\u00e7\u00e3o de data e conte\u00fado.<\/p>\n","protected":false},"excerpt":{"rendered":"<p>Resumo novela \u201cC\u00famplices de um Resgate\u201d 28\/08: no cap\u00edtulo 168(*) da novela, quarta-feira, 28 de agosto, Nina convida Antonela para tomar um caf\u00e9 em sua casa. Isabela conta o que ouviu para sua irm\u00e3 e diz que o melhor \u00e9 que ela volte a fingir ser Manuela para sua fam\u00edlia e fique no vilarejo at\u00e9 [&hellip;]<\/p>\n","protected":false},"author":4,"featured_media":164526,"comment_status":"open","ping_status":"closed","sticky":false,"template":"","format":"standard","meta":{"tdm_status":"","tdm_grid_status":"","footnotes":""},"categories":[379,372,343],"tags":[441],"class_list":{"0":"post-181161","1":"post","2":"type-post","3":"status-publish","4":"format-standard","5":"has-post-thumbnail","7":"category-novelas","8":"category-sbt","9":"category-televisao","10":"tag-resumo-do-dia"},"_links":{"self":[{"href":"https:\/\/migracao.redenoticia.com.br\/noticia\/wp-json\/wp\/v2\/posts\/181161","targetHints":{"allow":["GET"]}}],"collection":[{"href":"https:\/\/migracao.redenoticia.com.br\/noticia\/wp-json\/wp\/v2\/posts"}],"about":[{"href":"https:\/\/migracao.redenoticia.com.br\/noticia\/wp-json\/wp\/v2\/types\/post"}],"author":[{"embeddable":true,"href":"https:\/\/migracao.redenoticia.com.br\/noticia\/wp-json\/wp\/v2\/users\/4"}],"replies":[{"embeddable":true,"href":"https:\/\/migracao.redenoticia.com.br\/noticia\/wp-json\/wp\/v2\/comments?post=181161"}],"version-history":[{"count":0,"href":"https:\/\/migracao.redenoticia.com.br\/noticia\/wp-json\/wp\/v2\/posts\/181161\/revisions"}],"wp:featuredmedia":[{"embeddable":true,"href":"https:\/\/migracao.redenoticia.com.br\/noticia\/wp-json\/wp\/v2\/media\/164526"}],"wp:attachment":[{"href":"https:\/\/migracao.redenoticia.com.br\/noticia\/wp-json\/wp\/v2\/media?parent=181161"}],"wp:term":[{"taxonomy":"category","embeddable":true,"href":"https:\/\/migracao.redenoticia.com.br\/noticia\/wp-json\/wp\/v2\/categories?post=181161"},{"taxonomy":"post_tag","embeddable":true,"href":"https:\/\/migracao.redenoticia.com.br\/noticia\/wp-json\/wp\/v2\/tags?post=181161"}],"curies":[{"name":"wp","href":"https:\/\/api.w.org\/{rel}","templated":true}]}}