{"id":181199,"date":"2019-08-28T10:57:39","date_gmt":"2019-08-28T13:57:39","guid":{"rendered":"https:\/\/www.redenoticia.com.br\/noticia\/?p=181199"},"modified":"2019-08-28T10:57:47","modified_gmt":"2019-08-28T13:57:47","slug":"resumo-novela-abismo-de-paixao-29-08-carmem-confessa-ao-padre-que-ama-augusto","status":"publish","type":"post","link":"https:\/\/migracao.redenoticia.com.br\/noticia\/2019\/resumo-novela-abismo-de-paixao-29-08-carmem-confessa-ao-padre-que-ama-augusto\/181199","title":{"rendered":"Resumo novela \u201cAbismo de Paix\u00e3o\u201d 29\/08: Carmem confessa ao padre que ama Augusto"},"content":{"rendered":"<p><img loading=\"lazy\" decoding=\"async\" class=\"aligncenter size-large wp-image-181127\" src=\"https:\/\/migracao.redenoticia.com.br\/noticia\/imagens\/abismo-de-paixao-sbt-resumo-327x300.jpg\" alt=\"\" width=\"327\" height=\"300\" srcset=\"https:\/\/migracao.redenoticia.com.br\/noticia\/imagens\/abismo-de-paixao-sbt-resumo-327x300.jpg 327w, https:\/\/migracao.redenoticia.com.br\/noticia\/imagens\/abismo-de-paixao-sbt-resumo-204x187.jpg 204w, https:\/\/migracao.redenoticia.com.br\/noticia\/imagens\/abismo-de-paixao-sbt-resumo.jpg 426w\" sizes=\"auto, (max-width: 327px) 100vw, 327px\" \/><\/p>\n<p>Resumo da novela<strong><em> \u201cAbismo de Paix\u00e3o\u201d&nbsp;<\/em><\/strong> em 29\/08: no cap\u00edtulo 003(*) da novela, quinta-feira, 29 de agosto, Rodrigo d\u00e1 ao Padre Lupe a mensalidade para ajudar nos gastos de Gael. O Padre lhe diz que uma mulher foi procur\u00e1-lo e o recrimina por ser infiel \u00e0 sua esposa. Carminha flerta com Augusto. Estef\u00e2nia, furiosa, pelas acusa\u00e7\u00f5es de Almerinda, quem afirma que ela e Rodrigo s\u00e3o amantes, vai at\u00e9 a casa desta mulher para recrimin\u00e1-la por suas cal\u00fanias e deixa claro que se seu esposo \u00e9 infiel, n\u00e3o \u00e9 com ela. Dami\u00e3o recrimina Rodrigo por n\u00e3o lev\u00e1-lo para montar num cavalo como havia prometido. Ele lhe d\u00e1 o amuleto que comprou e pergunta se era ele quem saiu da casa pela manh\u00e3. Rodrigo nega. Almerinda pro\u00edbe a amizade de Dami\u00e3o e Gael. Ramona n\u00e3o permite que Paloma v\u00e1 \u00e0 empacotadora.<\/p>\n<p>Por outro lado, Carminha vai at\u00e9 o escrit\u00f3rio de Rodrigo para falar seriamente com ele, pois est\u00e1 cansada de ser seu amante e lhe prop\u00f5e que abandonem tudo e fujam para longe para serem felizes. Rodrigo confessa a Augusto que est\u00e1 apaixonado por outra mulher. Abigail conta a Estef\u00e2nia que todo o povoado fala de sua rela\u00e7\u00e3o com Rodrigo, esta fica indignada e recrimina Almerinda por caluni\u00e1-la. Almerinda acusa Gael de ladr\u00e3o. Carminha, em confiss\u00e3o, diz ao Padre Lupe que \u00e9 amante de Rodrigo por interesse, mas que na realidade est\u00e1 apaixonada por seu cunhado Augusto.<br \/>\n(*) edi\u00e7\u00e3o do SBT, Novela \u201cAbismo de Paix\u00e3o\u201d, sujeito a altera\u00e7\u00e3o de data e conte\u00fado.<\/p>\n<p>&#8220;Abismo de Paix\u00e3o&#8221;- Augusto Casta\u00f1\u00f3n (Alejandro Camacho) e Estef\u00e2nia Bouvier de Casta\u00f1\u00f3n (Ludwika Paleta) s\u00e3o pais de Elisa (Angelique Boyer). Com eles vive Carmen Bouvier (Sabine Moussier), irm\u00e3 mais velha de Estef\u00e2nia e que vai fugir do povoado com Rog\u00e9rio Arango (C\u00e9sar \u00c9vora), esposo de Almerinda Arango (Blanca Guerra) e pai de Dami\u00e3o (David Zepeda), melhor amigo de Elisa. Almerinda descobre e alerta a Augusto.<\/p>\n<p>Por sua parte, Estef\u00e2nia tenta impedir Rog\u00e9rio a n\u00e3o abandonar sua fam\u00edlia, mas devido ao intemp\u00e9rie da chuva, ambos morrem em um acidente de carro. Carmem aproveita o fato para fazer Augusto acreditar que sua esposa era infiel. Augusto, por despeito, casa-se com Carmem, apesar de n\u00e3o estar apaixonado por ela e nem am\u00e1-la. Carmem est\u00e1 gr\u00e1vida de Rog\u00e9rio, mas mente para Augusto, dizendo que o filho \u00e9 dele. Querendo bater em Elisa, Carmem escorrega e cai na piscina da casa, causando morte s\u00fabita ao beb\u00ea. Por sua parte, Almerinda decide mandar a Dami\u00e3o para fora do povoado a estudar para separ\u00e1-lo de Elisa de quem \u00e9 muito amigo, amizade que ela n\u00e3o v\u00ea com bons olhos, ap\u00f3s inocentemente os dois fugirem juntos.<\/p>\n","protected":false},"excerpt":{"rendered":"<p>Resumo da novela \u201cAbismo de Paix\u00e3o\u201d&nbsp; em 29\/08: no cap\u00edtulo 003(*) da novela, quinta-feira, 29 de agosto, Rodrigo d\u00e1 ao Padre Lupe a mensalidade para ajudar nos gastos de Gael. O Padre lhe diz que uma mulher foi procur\u00e1-lo e o recrimina por ser infiel \u00e0 sua esposa. Carminha flerta com Augusto. Estef\u00e2nia, furiosa, pelas [&hellip;]<\/p>\n","protected":false},"author":4,"featured_media":181126,"comment_status":"open","ping_status":"closed","sticky":false,"template":"","format":"standard","meta":{"tdm_status":"","tdm_grid_status":"","footnotes":""},"categories":[379,372,343],"tags":[441],"class_list":{"0":"post-181199","1":"post","2":"type-post","3":"status-publish","4":"format-standard","5":"has-post-thumbnail","7":"category-novelas","8":"category-sbt","9":"category-televisao","10":"tag-resumo-do-dia"},"_links":{"self":[{"href":"https:\/\/migracao.redenoticia.com.br\/noticia\/wp-json\/wp\/v2\/posts\/181199","targetHints":{"allow":["GET"]}}],"collection":[{"href":"https:\/\/migracao.redenoticia.com.br\/noticia\/wp-json\/wp\/v2\/posts"}],"about":[{"href":"https:\/\/migracao.redenoticia.com.br\/noticia\/wp-json\/wp\/v2\/types\/post"}],"author":[{"embeddable":true,"href":"https:\/\/migracao.redenoticia.com.br\/noticia\/wp-json\/wp\/v2\/users\/4"}],"replies":[{"embeddable":true,"href":"https:\/\/migracao.redenoticia.com.br\/noticia\/wp-json\/wp\/v2\/comments?post=181199"}],"version-history":[{"count":0,"href":"https:\/\/migracao.redenoticia.com.br\/noticia\/wp-json\/wp\/v2\/posts\/181199\/revisions"}],"wp:featuredmedia":[{"embeddable":true,"href":"https:\/\/migracao.redenoticia.com.br\/noticia\/wp-json\/wp\/v2\/media\/181126"}],"wp:attachment":[{"href":"https:\/\/migracao.redenoticia.com.br\/noticia\/wp-json\/wp\/v2\/media?parent=181199"}],"wp:term":[{"taxonomy":"category","embeddable":true,"href":"https:\/\/migracao.redenoticia.com.br\/noticia\/wp-json\/wp\/v2\/categories?post=181199"},{"taxonomy":"post_tag","embeddable":true,"href":"https:\/\/migracao.redenoticia.com.br\/noticia\/wp-json\/wp\/v2\/tags?post=181199"}],"curies":[{"name":"wp","href":"https:\/\/api.w.org\/{rel}","templated":true}]}}