{"id":181201,"date":"2019-08-28T11:00:37","date_gmt":"2019-08-28T14:00:37","guid":{"rendered":"https:\/\/www.redenoticia.com.br\/noticia\/?p=181201"},"modified":"2019-08-28T11:00:43","modified_gmt":"2019-08-28T14:00:43","slug":"resumo-novela-a-que-nao-podia-amar-29-08-bruno-planeja-matar-rogerio","status":"publish","type":"post","link":"https:\/\/migracao.redenoticia.com.br\/noticia\/2019\/resumo-novela-a-que-nao-podia-amar-29-08-bruno-planeja-matar-rogerio\/181201","title":{"rendered":"Resumo novela \u201cA Que N\u00e3o Podia Amar\u201d 29\/08: Bruno planeja matar Rog\u00e9rio"},"content":{"rendered":"<p><strong><em><img loading=\"lazy\" decoding=\"async\" class=\"aligncenter size-large wp-image-173635\" src=\"https:\/\/migracao.redenoticia.com.br\/noticia\/imagens\/a-que-nao-podia-amar-400x271.jpg\" alt=\"\" width=\"400\" height=\"271\" srcset=\"https:\/\/migracao.redenoticia.com.br\/noticia\/imagens\/a-que-nao-podia-amar-400x271.jpg 400w, https:\/\/migracao.redenoticia.com.br\/noticia\/imagens\/a-que-nao-podia-amar-250x169.jpg 250w, https:\/\/migracao.redenoticia.com.br\/noticia\/imagens\/a-que-nao-podia-amar-560x379.jpg 560w, https:\/\/migracao.redenoticia.com.br\/noticia\/imagens\/a-que-nao-podia-amar.jpg 620w\" sizes=\"auto, (max-width: 400px) 100vw, 400px\" \/><\/em><\/strong><\/p>\n<p>Resumo da novela<strong><em> \u201cA Que N\u00e3o Podia Amar\u201d&nbsp;<\/em><\/strong> em 29\/08: no cap\u00edtulo 104(*) da novela, quinta-feira, 29 de agosto, mais tarde, quando C\u00edntia chega ao seu quarto, ela conta ao marido que estava trabalhando e pesquisando sobre insemina\u00e7\u00e3o artificial no gado e como isso poderia melhorar a qualidade do gado da fazenda. Rog\u00e9rio conta a Ana Paula que \u00e9 oficial: j\u00e1 conseguiram o empr\u00e9stimo que precisavam! A mo\u00e7a comemora e beija o marido. Miguel pede ajuda a Estev\u00e3o para conseguir um novo advogado, pois n\u00e3o confia em Bruno e n\u00e3o quer continuar dependendo da ajuda de Rog\u00e9rio. C\u00edntia revela a Gustavo que andou trabalhando em mais uma coisa que \u00e9 muito importante para ela. Ernesto avisa Rog\u00e9rio que a seguradora pode cobrir quase metade dos custos para a opera\u00e7\u00e3o. Ele comemora a not\u00edcia.<\/p>\n<p>Bruno conta a Rosaura que tem um encontro com algu\u00e9m que poder\u00e1 ajud\u00e1-lo a descobrir o que Rog\u00e9rio mudou no testamento. C\u00edntia planeja uma festa surpresa para comemorar o anivers\u00e1rio de Maria, s\u00f3 para que Gustavo se sinta orgulhoso dela. Maria se comove com a surpresa. Disfar\u00e7ando, Bruno tenta conquistar o interesse de uma funcion\u00e1ria do tabeli\u00e3o para conseguir informa\u00e7\u00f5es sobre o testamento de Rog\u00e9rio. Ana Paula, Rog\u00e9rio e Marquinho ligam para parabenizar Maria. Gustavo conta a C\u00edntia que Maria contou que o pai da mo\u00e7a a obrigou a deix\u00e1-la com ele, e que Maria s\u00f3 ficou trabalhando na fazenda para poder ficar perto da filha.<\/p>\n<p>Mais tarde, C\u00edntia confessa a Gustavo que n\u00e3o pode aceitar que a empregada a chame de filha, Maria escuta e se sente mal. Rosa tenta convencer Ulisses a ir para a festa de Maria, mas ele alega n\u00e3o ter \u00e2nimo para nada. Rosa insiste at\u00e9 convenc\u00ea-lo. Rog\u00e9rio avisa C\u00edntia que conseguiram o empr\u00e9stimo para a fazenda. Na sequ\u00eancia, a mo\u00e7a conta a novidade para Vanessa. C\u00edntia insiste para Vanessa fazer companhia para ela na festa, mas a ex de Rog\u00e9rio se recusa. Consuelo se alegra com a chegada de Ulisses na festa de Maria. Rosaura e Maria implicam uma com a outra. Maria pede perd\u00e3o a C\u00edntia por cham\u00e1-la de filha na frente de todos, emocionada e chorando, ela diz que entende que a mo\u00e7a queira manter as apar\u00eancias mas que ficou comovida com a surpresa. C\u00edntia diz para a empregada n\u00e3o chorar, porque fica rid\u00edcula.<\/p>\n<p>Bruno embriaga e seduz a funcion\u00e1ria do tabeli\u00e3o e descobre que Rog\u00e9rio mudou seu testamento deixando metade de sua fortuna para Ana e metade para Marquinho. Ulisses desabafa com Consuelo sobre como se sente por estar numa festa sem M\u00e1rcia. Rog\u00e9rio, Ana e Marquinho retornam para a fazenda e s\u00e3o recepcionados por toda a fam\u00edlia. Rog\u00e9rio informa a todos que j\u00e1 conseguiu o empr\u00e9stimo para a fazenda, que s\u00f3 vai acertar alguns neg\u00f3cio e retornar\u00e1 para capital, onde ser\u00e1 operado. Ele ainda conta que quando recuperar o movimento das pernas, vai se casar com Ana Paula no altar, surpreendendo a todos.<\/p>\n<p>Ulisses conta a Rosa que se sentiu mal na festa de Maria porque se deu conta do quanto sente falta de M\u00e1rcia. Os dois se abra\u00e7am e Estev\u00e3o v\u00ea a cena. Rog\u00e9rio avisa a C\u00edntia e Gustavo que precisam aumentar a produtividade e as vendas em 20% ou v\u00e3o perder as terras que ele deixou como garantia para o empr\u00e9stimo. Bruno procura Rosaura e conta o que descobriu sobre o testamento. Ele quer que os dois armem um plano para matar o fazendeiro e desta maneira possam ficar com toda a heran\u00e7a. C\u00edntia e Rog\u00e9rio se desentendem porque ela quer uma parte do dinheiro que ele conseguiu. Gustavo fica do lado do cunhado. Rosaura n\u00e3o gosta das inten\u00e7\u00f5es de Bruno, mas ele a amea\u00e7a que se n\u00e3o ajud\u00e1-lo, ela ser\u00e1 a pr\u00f3xima a morrer. O advogado lembra que ela \u00e9 sua c\u00famplice em tudo e que chegou a hora dela sujar as m\u00e3os.<\/p>\n<p>(*) edi\u00e7\u00e3o do SBT, Novela \u201cA Que N\u00e3o Podia Amar\u201d, sujeito a altera\u00e7\u00e3o de data e conte\u00fado.<\/p>\n<p>Destaques<\/p>\n<p>&#8220;A Que N\u00e3o Podia Amar&#8221;- Ana Paula, uma enfermeira humilde que se v\u00ea obrigada a trabalhar na casa de Rog\u00e9rio Montero (Jorge Salinas), um homem amargurado. Rog\u00e9rio sofre por ser parapl\u00e9gico e destrata todas as pessoas. Ana Paula atura tudo calada e o rica\u00e7o se apaixona por ela.<\/p>\n<p>Ana conhece Gustavo Duran (Jos\u00e9 Ron), um engenheiro nobre e trabalhador. Os dois se apaixonam, mas ter\u00e3o de enfrentar Rog\u00e9rio, j\u00e1 que ele tamb\u00e9m gosta da mocinha, formando assim, um tri\u00e2ngulo amoroso com terr\u00edveis consequ\u00eancias.<\/p>\n","protected":false},"excerpt":{"rendered":"<p>Resumo da novela \u201cA Que N\u00e3o Podia Amar\u201d&nbsp; em 29\/08: no cap\u00edtulo 104(*) da novela, quinta-feira, 29 de agosto, mais tarde, quando C\u00edntia chega ao seu quarto, ela conta ao marido que estava trabalhando e pesquisando sobre insemina\u00e7\u00e3o artificial no gado e como isso poderia melhorar a qualidade do gado da fazenda. Rog\u00e9rio conta a [&hellip;]<\/p>\n","protected":false},"author":4,"featured_media":173627,"comment_status":"open","ping_status":"closed","sticky":false,"template":"","format":"standard","meta":{"tdm_status":"","tdm_grid_status":"","footnotes":""},"categories":[379,372,343],"tags":[441],"class_list":{"0":"post-181201","1":"post","2":"type-post","3":"status-publish","4":"format-standard","5":"has-post-thumbnail","7":"category-novelas","8":"category-sbt","9":"category-televisao","10":"tag-resumo-do-dia"},"_links":{"self":[{"href":"https:\/\/migracao.redenoticia.com.br\/noticia\/wp-json\/wp\/v2\/posts\/181201","targetHints":{"allow":["GET"]}}],"collection":[{"href":"https:\/\/migracao.redenoticia.com.br\/noticia\/wp-json\/wp\/v2\/posts"}],"about":[{"href":"https:\/\/migracao.redenoticia.com.br\/noticia\/wp-json\/wp\/v2\/types\/post"}],"author":[{"embeddable":true,"href":"https:\/\/migracao.redenoticia.com.br\/noticia\/wp-json\/wp\/v2\/users\/4"}],"replies":[{"embeddable":true,"href":"https:\/\/migracao.redenoticia.com.br\/noticia\/wp-json\/wp\/v2\/comments?post=181201"}],"version-history":[{"count":0,"href":"https:\/\/migracao.redenoticia.com.br\/noticia\/wp-json\/wp\/v2\/posts\/181201\/revisions"}],"wp:featuredmedia":[{"embeddable":true,"href":"https:\/\/migracao.redenoticia.com.br\/noticia\/wp-json\/wp\/v2\/media\/173627"}],"wp:attachment":[{"href":"https:\/\/migracao.redenoticia.com.br\/noticia\/wp-json\/wp\/v2\/media?parent=181201"}],"wp:term":[{"taxonomy":"category","embeddable":true,"href":"https:\/\/migracao.redenoticia.com.br\/noticia\/wp-json\/wp\/v2\/categories?post=181201"},{"taxonomy":"post_tag","embeddable":true,"href":"https:\/\/migracao.redenoticia.com.br\/noticia\/wp-json\/wp\/v2\/tags?post=181201"}],"curies":[{"name":"wp","href":"https:\/\/api.w.org\/{rel}","templated":true}]}}