{"id":181203,"date":"2019-08-28T11:03:15","date_gmt":"2019-08-28T14:03:15","guid":{"rendered":"https:\/\/www.redenoticia.com.br\/noticia\/?p=181203"},"modified":"2019-08-28T11:03:22","modified_gmt":"2019-08-28T14:03:22","slug":"resumo-novela-as-aventuras-de-poliana-29-08-sophie-apresenta-seu-braco-mecanico","status":"publish","type":"post","link":"https:\/\/migracao.redenoticia.com.br\/noticia\/2019\/resumo-novela-as-aventuras-de-poliana-29-08-sophie-apresenta-seu-braco-mecanico\/181203","title":{"rendered":"Resumo novela \u201cAs Aventuras de Poliana\u201d 29\/08: Sophie apresenta seu bra\u00e7o mec\u00e2nico"},"content":{"rendered":"<p><strong><em><img loading=\"lazy\" decoding=\"async\" class=\"aligncenter size-large wp-image-148662\" src=\"https:\/\/migracao.redenoticia.com.br\/noticia\/imagens\/as-aventuras-de-poliana-novela-400x267.jpg\" alt=\"\" width=\"400\" height=\"267\" srcset=\"https:\/\/migracao.redenoticia.com.br\/noticia\/imagens\/as-aventuras-de-poliana-novela-400x267.jpg 400w, https:\/\/migracao.redenoticia.com.br\/noticia\/imagens\/as-aventuras-de-poliana-novela-250x167.jpg 250w, https:\/\/migracao.redenoticia.com.br\/noticia\/imagens\/as-aventuras-de-poliana-novela-150x100.jpg 150w, https:\/\/migracao.redenoticia.com.br\/noticia\/imagens\/as-aventuras-de-poliana-novela.jpg 600w\" sizes=\"auto, (max-width: 400px) 100vw, 400px\" \/>Resumo novela \u201cAs Aventuras de Poliana\u201d 29\/08<\/em><\/strong>: no cap\u00edtulo 337(*) da novela, resumo de quinta-feira, 29 de agosto, D\u00e9bora tem uma postura r\u00edgida ao dar aula para as meninas da comunidade Bem Te Vi. Afonso diz a Durval que est\u00e1 inseguro com seu casamento. As crian\u00e7as do Clubinho entram na passagem secreta que encontraram e come\u00e7am a investigar. Luisa diz a Pendleton que est\u00e1 receosa quanto a revela\u00e7\u00e3o dele como OTTO. No Campo de F\u00e9rias, Pendleton apresenta as melhores inven\u00e7\u00f5es da 0110, incluindo Sara e o bra\u00e7o mec\u00e2nico de Sophie. Walter Elias insiste em conquistar Nancy, mas ela recua. Durval aceita o anel de noivado de Cl\u00e1udia.<\/p>\n<p>Sophie se sente desconfort\u00e1vel ao apresentar seu bra\u00e7o mec\u00e2nico a todos. As crian\u00e7as do Clubinho deliberam sobre contar aos seus pais sobre a descoberta na casa de Pendleton. A not\u00edcia sobre o bra\u00e7o mec\u00e2nico de Sophie se espalha rapidamente. Ao ver o bra\u00e7o de Sophie, Bento fica esperan\u00e7oso de que haja uma maneira de voltar a andar. A segunda fase do game \u00e9 iniciada no Campo de F\u00e9rias. A palavra \u201cFraude\u201d surge pixada no logotipo da 0110, e Pendleton desconfia que tenha sido obra do avatar \u201cVC\u201d. Dando seguimento a competi\u00e7\u00e3o, as crian\u00e7as come\u00e7am a trabalhar no projeto tecnol\u00f3gico proposto pela 0110.Pendleton intima Roger, Fernanda, Waldisney e Nadine e desconfia de que algum deles possa ser o misterioso \u201cVC\u201d.<\/p>\n<p>(*) edi\u00e7\u00e3o do SBT, Novela \u201cAs Aventuras de Poliana\u201d, sujeito a altera\u00e7\u00e3o de data e conte\u00fado.<\/p>\n<p>Poliana \u00e9 uma menina extrovertida e de bom cora\u00e7\u00e3o que viajava o Brasil com seus pais, Lorenzo e Alice, no grupo circense Trupe Vagalume. Aos onze anos a garota v\u00ea seu mundo desabar quando seus pais falecem e ela tem que ir morar em S\u00e3o Paulo com sua tia Lu\u00edsa, uma mulher rica e severa, a qual ela n\u00e3o conhecia e que n\u00e3o queria cuidar dela, embora sinta que \u00e9 sua obriga\u00e7\u00e3o pela alma de sua irm\u00e3. Apesar do jeito da rigidez da tia, Poliana decide ter uma vis\u00e3o positiva e inabal\u00e1vel da vida, mesmo nos momentos de dificuldade, tentando levar um pouco de felicidade para a vida de cada um dos seus novos amigos e vizinhos, como o Sr. Pendleton, um homem rico e infeliz por nunca ter tido filhos. Ela vai estudar no col\u00e9gio de Ruth, uma diretora de bom cora\u00e7\u00e3o que a ajuda a se adaptar, mas tem que lidar com as vilanias de Mirela, garota mais velha que n\u00e3o aceita perder a popularidade para uma novata.<\/p>\n","protected":false},"excerpt":{"rendered":"<p>Resumo novela \u201cAs Aventuras de Poliana\u201d 29\/08: no cap\u00edtulo 337(*) da novela, resumo de quinta-feira, 29 de agosto, D\u00e9bora tem uma postura r\u00edgida ao dar aula para as meninas da comunidade Bem Te Vi. Afonso diz a Durval que est\u00e1 inseguro com seu casamento. As crian\u00e7as do Clubinho entram na passagem secreta que encontraram e [&hellip;]<\/p>\n","protected":false},"author":4,"featured_media":148663,"comment_status":"open","ping_status":"closed","sticky":false,"template":"","format":"standard","meta":{"tdm_status":"","tdm_grid_status":"","footnotes":""},"categories":[477,379,372,343],"tags":[441],"class_list":{"0":"post-181203","1":"post","2":"type-post","3":"status-publish","4":"format-standard","5":"has-post-thumbnail","7":"category-as-aventuras-de-poliana","8":"category-novelas","9":"category-sbt","10":"category-televisao","11":"tag-resumo-do-dia"},"_links":{"self":[{"href":"https:\/\/migracao.redenoticia.com.br\/noticia\/wp-json\/wp\/v2\/posts\/181203","targetHints":{"allow":["GET"]}}],"collection":[{"href":"https:\/\/migracao.redenoticia.com.br\/noticia\/wp-json\/wp\/v2\/posts"}],"about":[{"href":"https:\/\/migracao.redenoticia.com.br\/noticia\/wp-json\/wp\/v2\/types\/post"}],"author":[{"embeddable":true,"href":"https:\/\/migracao.redenoticia.com.br\/noticia\/wp-json\/wp\/v2\/users\/4"}],"replies":[{"embeddable":true,"href":"https:\/\/migracao.redenoticia.com.br\/noticia\/wp-json\/wp\/v2\/comments?post=181203"}],"version-history":[{"count":0,"href":"https:\/\/migracao.redenoticia.com.br\/noticia\/wp-json\/wp\/v2\/posts\/181203\/revisions"}],"wp:featuredmedia":[{"embeddable":true,"href":"https:\/\/migracao.redenoticia.com.br\/noticia\/wp-json\/wp\/v2\/media\/148663"}],"wp:attachment":[{"href":"https:\/\/migracao.redenoticia.com.br\/noticia\/wp-json\/wp\/v2\/media?parent=181203"}],"wp:term":[{"taxonomy":"category","embeddable":true,"href":"https:\/\/migracao.redenoticia.com.br\/noticia\/wp-json\/wp\/v2\/categories?post=181203"},{"taxonomy":"post_tag","embeddable":true,"href":"https:\/\/migracao.redenoticia.com.br\/noticia\/wp-json\/wp\/v2\/tags?post=181203"}],"curies":[{"name":"wp","href":"https:\/\/api.w.org\/{rel}","templated":true}]}}