{"id":181249,"date":"2019-08-29T14:37:12","date_gmt":"2019-08-29T17:37:12","guid":{"rendered":"https:\/\/www.redenoticia.com.br\/noticia\/?p=181249"},"modified":"2019-08-29T14:37:19","modified_gmt":"2019-08-29T17:37:19","slug":"resumo-novela-abismo-de-paixao-30-08-estefania-descobre-que-carmem-e-amante-de-rogerio","status":"publish","type":"post","link":"https:\/\/migracao.redenoticia.com.br\/noticia\/2019\/resumo-novela-abismo-de-paixao-30-08-estefania-descobre-que-carmem-e-amante-de-rogerio\/181249","title":{"rendered":"Resumo novela \u201cAbismo de Paix\u00e3o\u201d 30\/08: Estef\u00e2nia descobre que Carmem \u00e9 amante de Rog\u00e9rio"},"content":{"rendered":"<p><img loading=\"lazy\" decoding=\"async\" class=\"aligncenter size-large wp-image-181127\" src=\"https:\/\/migracao.redenoticia.com.br\/noticia\/imagens\/abismo-de-paixao-sbt-resumo-327x300.jpg\" alt=\"\" width=\"327\" height=\"300\" srcset=\"https:\/\/migracao.redenoticia.com.br\/noticia\/imagens\/abismo-de-paixao-sbt-resumo-327x300.jpg 327w, https:\/\/migracao.redenoticia.com.br\/noticia\/imagens\/abismo-de-paixao-sbt-resumo-204x187.jpg 204w, https:\/\/migracao.redenoticia.com.br\/noticia\/imagens\/abismo-de-paixao-sbt-resumo.jpg 426w\" sizes=\"auto, (max-width: 327px) 100vw, 327px\" \/><\/p>\n<p>Resumo da novela<strong><em> \u201cAbismo de Paix\u00e3o\u201d&nbsp;<\/em><\/strong> em 30\/08: no cap\u00edtulo 004(*) da novela, sexta-feira, 30 de agosto, Carmem diz ao Padre Lupe que lhe conta tudo porque quer desabafar e porque sabe ele tem que guardar o segredo de confiss\u00e3o. Almerinda diz a Rog\u00e9rio que Gael a quer roubar, este esclarece tudo com Dami\u00e3o e lhe diz que pode pegar dinheiro de seu escrit\u00f3rio, al\u00e9m disso esclarece que n\u00e3o existe a magia dos amuletos. Augusto recrimina Estef\u00e2nia por ir ver Almerinda e lhe conta que Rog\u00e9rio realmente tem uma amante. Ramiro desafia L\u00facio. Carmem diz a Ramiro que j\u00e1 terminou sua rela\u00e7\u00e3o com Rog\u00e9rio. Paloma come\u00e7a a fazer amizade com Elisa.<\/p>\n<p>Almerinda e Rog\u00e9rio t\u00eam uma forte briga quando ela lhe diz que se arrepende de ser sua esposa e este responde que muito em breve tudo acabar\u00e1. Rog\u00e9rio procura Carmem para dizer-lhe que est\u00e1 disposto a fugir com ela. Quando Estef\u00e2nia chega \u00e0 sua casa, fica em choque ao ver sua irm\u00e3 beijando Rog\u00e9rio. Estef\u00e2nia recrimina a Carmem que seja amante de Rog\u00e9rio, esta lhe jura que j\u00e1 terminou sua rela\u00e7\u00e3o com ele. Mais tarde, Carmem conta a Rog\u00e9rio que sua irm\u00e3 j\u00e1 sabe tudo sobre eles e lhe diz que t\u00eam que apressar a fuga.<\/p>\n<p>Estef\u00e2nia vai contar a Augusto o que sabe sobre Rog\u00e9rio e Carmem, mas esta \u00faltima chega e consegue interromp\u00ea-la dizendo vai embora do povoado. Rog\u00e9rio encarrega Ramiro de providenciar duas passagem de avi\u00e3o a Nova York. Gael e Dami\u00e3o prometem n\u00e3o voltar a brigar e retomam sua amizade. Carmem procura Rog\u00e9rio em sua casa e Almerinda est\u00e1 a ponto de descobri-los, percebe o cheiro do perfume de Estef\u00e2nia, que Carmem est\u00e1 usando.<br \/>\n(*) edi\u00e7\u00e3o do SBT, Novela \u201cAbismo de Paix\u00e3o\u201d, sujeito a altera\u00e7\u00e3o de data e conte\u00fado.<\/p>\n<p>&#8220;Abismo de Paix\u00e3o&#8221;- Augusto Casta\u00f1\u00f3n (Alejandro Camacho) e Estef\u00e2nia Bouvier de Casta\u00f1\u00f3n (Ludwika Paleta) s\u00e3o pais de Elisa (Angelique Boyer). Com eles vive Carmen Bouvier (Sabine Moussier), irm\u00e3 mais velha de Estef\u00e2nia e que vai fugir do povoado com Rog\u00e9rio Arango (C\u00e9sar \u00c9vora), esposo de Almerinda Arango (Blanca Guerra) e pai de Dami\u00e3o (David Zepeda), melhor amigo de Elisa. Almerinda descobre e alerta a Augusto.<\/p>\n<p>Por sua parte, Estef\u00e2nia tenta impedir Rog\u00e9rio a n\u00e3o abandonar sua fam\u00edlia, mas devido ao intemp\u00e9rie da chuva, ambos morrem em um acidente de carro. Carmem aproveita o fato para fazer Augusto acreditar que sua esposa era infiel. Augusto, por despeito, casa-se com Carmem, apesar de n\u00e3o estar apaixonado por ela e nem am\u00e1-la. Carmem est\u00e1 gr\u00e1vida de Rog\u00e9rio, mas mente para Augusto, dizendo que o filho \u00e9 dele. Querendo bater em Elisa, Carmem escorrega e cai na piscina da casa, causando morte s\u00fabita ao beb\u00ea. Por sua parte, Almerinda decide mandar a Dami\u00e3o para fora do povoado a estudar para separ\u00e1-lo de Elisa de quem \u00e9 muito amigo, amizade que ela n\u00e3o v\u00ea com bons olhos, ap\u00f3s inocentemente os dois fugirem juntos.<\/p>\n","protected":false},"excerpt":{"rendered":"<p>Resumo da novela \u201cAbismo de Paix\u00e3o\u201d&nbsp; em 30\/08: no cap\u00edtulo 004(*) da novela, sexta-feira, 30 de agosto, Carmem diz ao Padre Lupe que lhe conta tudo porque quer desabafar e porque sabe ele tem que guardar o segredo de confiss\u00e3o. Almerinda diz a Rog\u00e9rio que Gael a quer roubar, este esclarece tudo com Dami\u00e3o e [&hellip;]<\/p>\n","protected":false},"author":4,"featured_media":181126,"comment_status":"open","ping_status":"closed","sticky":false,"template":"","format":"standard","meta":{"tdm_status":"","tdm_grid_status":"","footnotes":""},"categories":[379,372,343],"tags":[441],"class_list":{"0":"post-181249","1":"post","2":"type-post","3":"status-publish","4":"format-standard","5":"has-post-thumbnail","7":"category-novelas","8":"category-sbt","9":"category-televisao","10":"tag-resumo-do-dia"},"_links":{"self":[{"href":"https:\/\/migracao.redenoticia.com.br\/noticia\/wp-json\/wp\/v2\/posts\/181249","targetHints":{"allow":["GET"]}}],"collection":[{"href":"https:\/\/migracao.redenoticia.com.br\/noticia\/wp-json\/wp\/v2\/posts"}],"about":[{"href":"https:\/\/migracao.redenoticia.com.br\/noticia\/wp-json\/wp\/v2\/types\/post"}],"author":[{"embeddable":true,"href":"https:\/\/migracao.redenoticia.com.br\/noticia\/wp-json\/wp\/v2\/users\/4"}],"replies":[{"embeddable":true,"href":"https:\/\/migracao.redenoticia.com.br\/noticia\/wp-json\/wp\/v2\/comments?post=181249"}],"version-history":[{"count":0,"href":"https:\/\/migracao.redenoticia.com.br\/noticia\/wp-json\/wp\/v2\/posts\/181249\/revisions"}],"wp:featuredmedia":[{"embeddable":true,"href":"https:\/\/migracao.redenoticia.com.br\/noticia\/wp-json\/wp\/v2\/media\/181126"}],"wp:attachment":[{"href":"https:\/\/migracao.redenoticia.com.br\/noticia\/wp-json\/wp\/v2\/media?parent=181249"}],"wp:term":[{"taxonomy":"category","embeddable":true,"href":"https:\/\/migracao.redenoticia.com.br\/noticia\/wp-json\/wp\/v2\/categories?post=181249"},{"taxonomy":"post_tag","embeddable":true,"href":"https:\/\/migracao.redenoticia.com.br\/noticia\/wp-json\/wp\/v2\/tags?post=181249"}],"curies":[{"name":"wp","href":"https:\/\/api.w.org\/{rel}","templated":true}]}}