{"id":181252,"date":"2019-08-29T14:39:15","date_gmt":"2019-08-29T17:39:15","guid":{"rendered":"https:\/\/www.redenoticia.com.br\/noticia\/?p=181252"},"modified":"2019-08-29T14:39:22","modified_gmt":"2019-08-29T17:39:22","slug":"resumo-novela-a-que-nao-podia-amar-30-08-gustavo-reclama-das-atitudes-de-elias-para-rogerio","status":"publish","type":"post","link":"https:\/\/migracao.redenoticia.com.br\/noticia\/2019\/resumo-novela-a-que-nao-podia-amar-30-08-gustavo-reclama-das-atitudes-de-elias-para-rogerio\/181252","title":{"rendered":"Resumo novela \u201cA Que N\u00e3o Podia Amar\u201d 30\/08: Gustavo reclama das atitudes de Elias para Rog\u00e9rio"},"content":{"rendered":"<p><strong><em><img loading=\"lazy\" decoding=\"async\" class=\"aligncenter size-large wp-image-173635\" src=\"https:\/\/migracao.redenoticia.com.br\/noticia\/imagens\/a-que-nao-podia-amar-400x271.jpg\" alt=\"\" width=\"400\" height=\"271\" srcset=\"https:\/\/migracao.redenoticia.com.br\/noticia\/imagens\/a-que-nao-podia-amar-400x271.jpg 400w, https:\/\/migracao.redenoticia.com.br\/noticia\/imagens\/a-que-nao-podia-amar-250x169.jpg 250w, https:\/\/migracao.redenoticia.com.br\/noticia\/imagens\/a-que-nao-podia-amar-560x379.jpg 560w, https:\/\/migracao.redenoticia.com.br\/noticia\/imagens\/a-que-nao-podia-amar.jpg 620w\" sizes=\"auto, (max-width: 400px) 100vw, 400px\" \/><\/em><\/strong><\/p>\n<p>Resumo da novela<strong><em> \u201cA Que N\u00e3o Podia Amar\u201d&nbsp;<\/em><\/strong> em 30\/08: no cap\u00edtulo 105(*) da novela, sexta-feira, 30 de agosto, Bruno embriaga e seduz a funcion\u00e1ria do tabeli\u00e3o e descobre que Rog\u00e9rio mudou seu testamento deixando metade de sua fortuna para Ana e metade para Marquinho. Ulisses desabafa com Consuelo sobre como se sente por estar numa festa sem M\u00e1rcia. Rog\u00e9rio, Ana e Marquinho retornam para a fazenda e s\u00e3o recepcionados por toda a fam\u00edlia. Rog\u00e9rio informa a todos que j\u00e1 conseguiu o empr\u00e9stimo para a fazenda, que s\u00f3 vai acertar alguns neg\u00f3cio e retornar\u00e1 para capital, onde ser\u00e1 operado. Ele ainda conta que quando recuperar o movimento das pernas, vai se casar com Ana Paula no altar, surpreendendo a todos.<\/p>\n<p>Ulisses conta a Rosa que se sentiu mal na festa de Maria porque se deu conta do quanto sente falta de M\u00e1rcia. Os dois se abra\u00e7am e Estev\u00e3o v\u00ea a cena. Rog\u00e9rio avisa a C\u00edntia e Gustavo que precisam aumentar a produtividade e as vendas em 20% ou v\u00e3o perder as terras que ele deixou como garantia para o empr\u00e9stimo. Bruno procura Rosaura e conta o que descobriu sobre o testamento. Ele quer que os dois armem um plano para matar o fazendeiro e desta maneira possam ficar com toda a heran\u00e7a. C\u00edntia e Rog\u00e9rio se desentendem porque ela quer uma parte do dinheiro que ele conseguiu. Gustavo fica do lado do cunhado. Rosaura n\u00e3o gosta das inten\u00e7\u00f5es de Bruno, mas ele a amea\u00e7a que se n\u00e3o ajud\u00e1-lo, ela ser\u00e1 a pr\u00f3xima a morrer. O advogado lembra que ela \u00e9 sua c\u00famplice em tudo e que chegou a hora dela sujar as m\u00e3os.<\/p>\n<p>Gustavo reclama com Rog\u00e9rio sobre as atitudes de Elias. Dany diz a Ana Paula que se alegra por ela finalmente estar feliz depois de ter decidido o que queria e com quem queria estar. Rog\u00e9rio avisa Elias que ir\u00e1 passar por uma opera\u00e7\u00e3o e ordena que o capataz obede\u00e7a Gustavo durante sua aus\u00eancia. Marquinho conta a Bruno que Rog\u00e9rio ir\u00e1 para a capital para operar no dia seguinte. Na frente de Rog\u00e9rio e C\u00edntia, Gustavo ordena que Elias respeite sua esposa. C\u00edntia interv\u00e9m e consegue controlar a situa\u00e7\u00e3o. Miguel conta a Ana Paula que j\u00e1 conseguiu um novo advogado para assumir seu caso, e que agora seus problemas ser\u00e3o dele, independentes de Rog\u00e9rio e da irm\u00e3. Bruno diz a Rosaura que a opera\u00e7\u00e3o de Rog\u00e9rio pode ser a situa\u00e7\u00e3o ideal para que o fazendeiro morra.<\/p>\n<p>Gustavo reage irritado por ter percebido que a esposa defendeu Elias e volta a question\u00e1-la se n\u00e3o se envolveu com o capataz. C\u00edntia nega, mas o engenheiro n\u00e3o acredita. A irm\u00e3 de Rog\u00e9rio continua jurando que n\u00e3o aconteceu nada, mas Gustavo insiste que o melhor \u00e9 que Elias v\u00e1 embora da fazenda. Mais tarde, C\u00edntia assegura a Elias que ele foi o primeiro homem em sua vida e que tudo o que lhe disse foi verdade. Os dois se beijam. Mercedes conversa com Ulisses e diz que se preocupa que ele n\u00e3o se alimente nem durma direito. Ela sugere que ele converse com M\u00e1rcia. Elias revela a C\u00edntia que s\u00f3 n\u00e3o contou tudo para Rog\u00e9rio porque sabe que ele guarda uma arma no escrit\u00f3rio. C\u00edntia promete a Elias que quando tiverem dinheiro suficiente, eles ir\u00e3o embora da fazenda. Os dois dormem juntos.<\/p>\n<p>Ana Paula acaba adormecendo enquanto Rog\u00e9rio e ela trabalham. Gustavo entra no escrit\u00f3rio e Ana Paula acorda assustada. Rog\u00e9rio pede para ficar sozinho com o engenheiro. O fazendeiro revela que caso ele morra na opera\u00e7\u00e3o, Gustavo ficar\u00e1 como tutor de todos seus bens, e dever\u00e1 cuidar de Ana Paula e de Marquinho. Gustavo reage desconcertado pela not\u00edcia e n\u00e3o entende o porqu\u00ea de sua decis\u00e3o.<\/p>\n<p>(*) edi\u00e7\u00e3o do SBT, Novela \u201cA Que N\u00e3o Podia Amar\u201d, sujeito a altera\u00e7\u00e3o de data e conte\u00fado.<\/p>\n<p>Destaques<\/p>\n<p>&#8220;A Que N\u00e3o Podia Amar&#8221;- Ana Paula, uma enfermeira humilde que se v\u00ea obrigada a trabalhar na casa de Rog\u00e9rio Montero (Jorge Salinas), um homem amargurado. Rog\u00e9rio sofre por ser parapl\u00e9gico e destrata todas as pessoas. Ana Paula atura tudo calada e o rica\u00e7o se apaixona por ela.<\/p>\n<p>Ana conhece Gustavo Duran (Jos\u00e9 Ron), um engenheiro nobre e trabalhador. Os dois se apaixonam, mas ter\u00e3o de enfrentar Rog\u00e9rio, j\u00e1 que ele tamb\u00e9m gosta da mocinha, formando assim, um tri\u00e2ngulo amoroso com terr\u00edveis consequ\u00eancias.<\/p>\n","protected":false},"excerpt":{"rendered":"<p>Resumo da novela \u201cA Que N\u00e3o Podia Amar\u201d&nbsp; em 30\/08: no cap\u00edtulo 105(*) da novela, sexta-feira, 30 de agosto, Bruno embriaga e seduz a funcion\u00e1ria do tabeli\u00e3o e descobre que Rog\u00e9rio mudou seu testamento deixando metade de sua fortuna para Ana e metade para Marquinho. Ulisses desabafa com Consuelo sobre como se sente por estar [&hellip;]<\/p>\n","protected":false},"author":4,"featured_media":173627,"comment_status":"open","ping_status":"closed","sticky":false,"template":"","format":"standard","meta":{"tdm_status":"","tdm_grid_status":"","footnotes":""},"categories":[379,372,343],"tags":[441],"class_list":{"0":"post-181252","1":"post","2":"type-post","3":"status-publish","4":"format-standard","5":"has-post-thumbnail","7":"category-novelas","8":"category-sbt","9":"category-televisao","10":"tag-resumo-do-dia"},"_links":{"self":[{"href":"https:\/\/migracao.redenoticia.com.br\/noticia\/wp-json\/wp\/v2\/posts\/181252","targetHints":{"allow":["GET"]}}],"collection":[{"href":"https:\/\/migracao.redenoticia.com.br\/noticia\/wp-json\/wp\/v2\/posts"}],"about":[{"href":"https:\/\/migracao.redenoticia.com.br\/noticia\/wp-json\/wp\/v2\/types\/post"}],"author":[{"embeddable":true,"href":"https:\/\/migracao.redenoticia.com.br\/noticia\/wp-json\/wp\/v2\/users\/4"}],"replies":[{"embeddable":true,"href":"https:\/\/migracao.redenoticia.com.br\/noticia\/wp-json\/wp\/v2\/comments?post=181252"}],"version-history":[{"count":0,"href":"https:\/\/migracao.redenoticia.com.br\/noticia\/wp-json\/wp\/v2\/posts\/181252\/revisions"}],"wp:featuredmedia":[{"embeddable":true,"href":"https:\/\/migracao.redenoticia.com.br\/noticia\/wp-json\/wp\/v2\/media\/173627"}],"wp:attachment":[{"href":"https:\/\/migracao.redenoticia.com.br\/noticia\/wp-json\/wp\/v2\/media?parent=181252"}],"wp:term":[{"taxonomy":"category","embeddable":true,"href":"https:\/\/migracao.redenoticia.com.br\/noticia\/wp-json\/wp\/v2\/categories?post=181252"},{"taxonomy":"post_tag","embeddable":true,"href":"https:\/\/migracao.redenoticia.com.br\/noticia\/wp-json\/wp\/v2\/tags?post=181252"}],"curies":[{"name":"wp","href":"https:\/\/api.w.org\/{rel}","templated":true}]}}