{"id":181256,"date":"2019-08-29T14:41:49","date_gmt":"2019-08-29T17:41:49","guid":{"rendered":"https:\/\/www.redenoticia.com.br\/noticia\/?p=181256"},"modified":"2019-08-29T14:41:54","modified_gmt":"2019-08-29T17:41:54","slug":"resumo-novela-cumplices-de-um-resgate-30-08-joaquim-e-felipe-tiram-isabela-da-mansao","status":"publish","type":"post","link":"https:\/\/migracao.redenoticia.com.br\/noticia\/2019\/resumo-novela-cumplices-de-um-resgate-30-08-joaquim-e-felipe-tiram-isabela-da-mansao\/181256","title":{"rendered":"Resumo novela \u201cC\u00famplices de um Resgate\u201d 30\/08: Joaquim e Felipe tiram Isabela da mans\u00e3o"},"content":{"rendered":"<p><img loading=\"lazy\" decoding=\"async\" class=\"aligncenter size-large wp-image-164526\" src=\"https:\/\/migracao.redenoticia.com.br\/noticia\/imagens\/cumplices-de-um-resgate-001-316x300.jpg\" alt=\"\" width=\"316\" height=\"300\" srcset=\"https:\/\/migracao.redenoticia.com.br\/noticia\/imagens\/cumplices-de-um-resgate-001-316x300.jpg 316w, https:\/\/migracao.redenoticia.com.br\/noticia\/imagens\/cumplices-de-um-resgate-001-197x187.jpg 197w, https:\/\/migracao.redenoticia.com.br\/noticia\/imagens\/cumplices-de-um-resgate-001-150x143.jpg 150w, https:\/\/migracao.redenoticia.com.br\/noticia\/imagens\/cumplices-de-um-resgate-001.jpg 526w\" sizes=\"auto, (max-width: 316px) 100vw, 316px\" \/> Resumo novela \u201cC\u00famplices de um Resgate\u201d 30\/08: no cap\u00edtulo 170(*) da novela, sexta-feira, 30 de agosto, Isabela assusta Regina com Tuntum. Safira pede ajuda a Tomas para falsificar um documento que passa metade da produ\u00e7\u00e3o da On-Enterprise para a confec\u00e7\u00e3o de Berta. Omar n\u00e3o leva os ensaios a s\u00e9rio. Clara ensina a Lu\u00eds o que ele deve fazer na confec\u00e7\u00e3o, mas ele tem dificuldade. Isabela continua aprontando travessuras com Regina. Ela troca a cor da tinta de seu cabelo e Regina fica com cabelo roxo. Com a ajuda de Of\u00e9lio, Joaquim e Felipe entram na mans\u00e3o. Ot\u00e1vio assina os documentos falsos que Safira enviou. Berta se demite da confec\u00e7\u00e3o. Of\u00e9lio ajuda os meninos a tirarem Isabela da mans\u00e3o.<\/p>\n<p>Quando estava prestes a sair, Isabela percebe que esqueceu a bola de golfe e volta para a buscar. Regina a encontra, mas pensa ser Manuela. T\u00e9o, D\u00f3ris e Mateus perguntam a Omar qual a moda da cidade, pra eles n\u00e3o parecerem diferentes no show. Omar diz que a moda \u00e9 o estilo punk rock. Isabela vai ao seu quarto e explica tudo pra Manuela. Ela sai pela janela, se junta aos meninos e sai da mans\u00e3o. Andr\u00e9 fica de recupera\u00e7\u00e3o e n\u00e3o poder\u00e1 viajar com a banda. O voo de Rebeca e Ot\u00e1vio \u00e9 cancelado e eles tem que ficar mais um pouco em Curitiba. Omar engana Sabrina dizendo que eles v\u00e3o sair meia hora mais tarde para ir ao show. Isabela fica na casa dos Vaz.<\/p>\n<p>(*) edi\u00e7\u00e3o do SBT, Novela \u201cC\u00famplices de um Resgate\u201d, sujeito a altera\u00e7\u00e3o de data e conte\u00fado.<\/p>\n","protected":false},"excerpt":{"rendered":"<p>Resumo novela \u201cC\u00famplices de um Resgate\u201d 30\/08: no cap\u00edtulo 170(*) da novela, sexta-feira, 30 de agosto, Isabela assusta Regina com Tuntum. Safira pede ajuda a Tomas para falsificar um documento que passa metade da produ\u00e7\u00e3o da On-Enterprise para a confec\u00e7\u00e3o de Berta. Omar n\u00e3o leva os ensaios a s\u00e9rio. Clara ensina a Lu\u00eds o que [&hellip;]<\/p>\n","protected":false},"author":4,"featured_media":164526,"comment_status":"open","ping_status":"closed","sticky":false,"template":"","format":"standard","meta":{"tdm_status":"","tdm_grid_status":"","footnotes":""},"categories":[379,372,343],"tags":[441],"class_list":{"0":"post-181256","1":"post","2":"type-post","3":"status-publish","4":"format-standard","5":"has-post-thumbnail","7":"category-novelas","8":"category-sbt","9":"category-televisao","10":"tag-resumo-do-dia"},"_links":{"self":[{"href":"https:\/\/migracao.redenoticia.com.br\/noticia\/wp-json\/wp\/v2\/posts\/181256","targetHints":{"allow":["GET"]}}],"collection":[{"href":"https:\/\/migracao.redenoticia.com.br\/noticia\/wp-json\/wp\/v2\/posts"}],"about":[{"href":"https:\/\/migracao.redenoticia.com.br\/noticia\/wp-json\/wp\/v2\/types\/post"}],"author":[{"embeddable":true,"href":"https:\/\/migracao.redenoticia.com.br\/noticia\/wp-json\/wp\/v2\/users\/4"}],"replies":[{"embeddable":true,"href":"https:\/\/migracao.redenoticia.com.br\/noticia\/wp-json\/wp\/v2\/comments?post=181256"}],"version-history":[{"count":0,"href":"https:\/\/migracao.redenoticia.com.br\/noticia\/wp-json\/wp\/v2\/posts\/181256\/revisions"}],"wp:featuredmedia":[{"embeddable":true,"href":"https:\/\/migracao.redenoticia.com.br\/noticia\/wp-json\/wp\/v2\/media\/164526"}],"wp:attachment":[{"href":"https:\/\/migracao.redenoticia.com.br\/noticia\/wp-json\/wp\/v2\/media?parent=181256"}],"wp:term":[{"taxonomy":"category","embeddable":true,"href":"https:\/\/migracao.redenoticia.com.br\/noticia\/wp-json\/wp\/v2\/categories?post=181256"},{"taxonomy":"post_tag","embeddable":true,"href":"https:\/\/migracao.redenoticia.com.br\/noticia\/wp-json\/wp\/v2\/tags?post=181256"}],"curies":[{"name":"wp","href":"https:\/\/api.w.org\/{rel}","templated":true}]}}