{"id":181275,"date":"2019-08-31T15:04:55","date_gmt":"2019-08-31T18:04:55","guid":{"rendered":"https:\/\/www.redenoticia.com.br\/noticia\/?p=181275"},"modified":"2019-08-31T15:12:50","modified_gmt":"2019-08-31T18:12:50","slug":"novela-a-dona-do-pedaco-rael-pega-quadro-de-jo-para-vender","status":"publish","type":"post","link":"https:\/\/migracao.redenoticia.com.br\/noticia\/2019\/novela-a-dona-do-pedaco-rael-pega-quadro-de-jo-para-vender\/181275","title":{"rendered":"Novela \u201cA Dona do Peda\u00e7o\u201d: Rael pega quadro de J\u00f4 para vender"},"content":{"rendered":"<p><img loading=\"lazy\" decoding=\"async\" class=\"aligncenter size-large wp-image-175348\" src=\"https:\/\/migracao.redenoticia.com.br\/noticia\/imagens\/A-Dona-do-Pedaco-globo-resumo-314x300.jpg\" alt=\"\" width=\"314\" height=\"300\" srcset=\"https:\/\/migracao.redenoticia.com.br\/noticia\/imagens\/A-Dona-do-Pedaco-globo-resumo-314x300.jpg 314w, https:\/\/migracao.redenoticia.com.br\/noticia\/imagens\/A-Dona-do-Pedaco-globo-resumo-196x187.jpg 196w, https:\/\/migracao.redenoticia.com.br\/noticia\/imagens\/A-Dona-do-Pedaco-globo-resumo.jpg 457w\" sizes=\"auto, (max-width: 314px) 100vw, 314px\" \/><\/p>\n<p><strong><em>Novela &#8220;A Dona do Peda\u00e7o\u201d:<\/em><\/strong> Rael (Rafael Queiroz) exige dinheiro de Josiane (Agatha Moreira) para n\u00e3o contar que ela foi a mandante do inc\u00eandio na f\u00e1brica de bolos. A vil\u00e3 paga, sofre outras chantagens de Fabiana (Nathalia Dill), perde dinheiro em investimentos errados e fica com problemas financeiros.<\/p>\n<p>Rael ouve uma conversa sobre a derrocada da mo\u00e7a e visita J\u00f4: \u201cQuero alguma coisa, antes que tudo desabe. Esse quadro aqui \u00e9 valioso? &#8230; C\u00ea n\u00e3o diz mais o que pode e o que n\u00e3o pode. Mas j\u00e1 que c\u00ea t\u00e1 na pior, eu levo o quadro. Vou vender. Agora que c\u00ea t\u00e1 dura, prometo sumir. Prima\u201d. Josiane fica arrasada. Cena prevista para dia 13 de setembro na novela \u201cA Dona do Peda\u00e7o\u201d.<\/p>\n<p>Sinopse \u201cA Dona do Peda\u00e7o\u201d: a novela enaltece a trajet\u00f3ria de Maria da Paz (Juliana Paes), uma jovem humilde, da cidade fict\u00edcia de Rio Vermelho, no Esp\u00edrito Santo. Maria vem de uma fam\u00edlia de justiceiros profissionais, os Ramirez, e se apaixona justamente por Amadeu (Marcos Palmeira), advogado formado em Vit\u00f3ria e membro do cl\u00e3 rival nos neg\u00f3cios, os Matheus. A trama, dividida em um pr\u00f3logo e duas fases, traz uma hist\u00f3ria de amor com elementos \u00e0 Romeu e Julieta, sem perder o humor, que permeia todo o folhetim.<\/p>\n","protected":false},"excerpt":{"rendered":"<p>Novela &#8220;A Dona do Peda\u00e7o\u201d: Rael (Rafael Queiroz) exige dinheiro de Josiane (Agatha Moreira) para n\u00e3o contar que ela foi a mandante do inc\u00eandio na f\u00e1brica de bolos. A vil\u00e3 paga, sofre outras chantagens de Fabiana (Nathalia Dill), perde dinheiro em investimentos errados e fica com problemas financeiros. Rael ouve uma conversa sobre a derrocada [&hellip;]<\/p>\n","protected":false},"author":2,"featured_media":177863,"comment_status":"open","ping_status":"closed","sticky":false,"template":"","format":"standard","meta":{"tdm_status":"","tdm_grid_status":"","footnotes":""},"categories":[543,388,379,375,343],"tags":[440],"class_list":{"0":"post-181275","1":"post","2":"type-post","3":"status-publish","4":"format-standard","5":"has-post-thumbnail","7":"category-a-dona-do-pedaco","8":"category-destaques","9":"category-novelas","10":"category-rede-globo","11":"category-televisao","12":"tag-noticia-novela"},"_links":{"self":[{"href":"https:\/\/migracao.redenoticia.com.br\/noticia\/wp-json\/wp\/v2\/posts\/181275","targetHints":{"allow":["GET"]}}],"collection":[{"href":"https:\/\/migracao.redenoticia.com.br\/noticia\/wp-json\/wp\/v2\/posts"}],"about":[{"href":"https:\/\/migracao.redenoticia.com.br\/noticia\/wp-json\/wp\/v2\/types\/post"}],"author":[{"embeddable":true,"href":"https:\/\/migracao.redenoticia.com.br\/noticia\/wp-json\/wp\/v2\/users\/2"}],"replies":[{"embeddable":true,"href":"https:\/\/migracao.redenoticia.com.br\/noticia\/wp-json\/wp\/v2\/comments?post=181275"}],"version-history":[{"count":0,"href":"https:\/\/migracao.redenoticia.com.br\/noticia\/wp-json\/wp\/v2\/posts\/181275\/revisions"}],"wp:featuredmedia":[{"embeddable":true,"href":"https:\/\/migracao.redenoticia.com.br\/noticia\/wp-json\/wp\/v2\/media\/177863"}],"wp:attachment":[{"href":"https:\/\/migracao.redenoticia.com.br\/noticia\/wp-json\/wp\/v2\/media?parent=181275"}],"wp:term":[{"taxonomy":"category","embeddable":true,"href":"https:\/\/migracao.redenoticia.com.br\/noticia\/wp-json\/wp\/v2\/categories?post=181275"},{"taxonomy":"post_tag","embeddable":true,"href":"https:\/\/migracao.redenoticia.com.br\/noticia\/wp-json\/wp\/v2\/tags?post=181275"}],"curies":[{"name":"wp","href":"https:\/\/api.w.org\/{rel}","templated":true}]}}