{"id":181276,"date":"2019-09-12T22:18:40","date_gmt":"2019-09-13T01:18:40","guid":{"rendered":"https:\/\/www.redenoticia.com.br\/noticia\/?p=181276"},"modified":"2019-09-12T23:19:08","modified_gmt":"2019-09-13T02:19:08","slug":"novela-bela-a-feia-cintia-convoca-reuniao-para-desmascarar-valentina","status":"publish","type":"post","link":"https:\/\/migracao.redenoticia.com.br\/noticia\/2019\/novela-bela-a-feia-cintia-convoca-reuniao-para-desmascarar-valentina\/181276","title":{"rendered":"Novela \u201cBela, a Feia\u201d: C\u00edntia convoca reuni\u00e3o para desmascarar Valentina"},"content":{"rendered":"<p><img loading=\"lazy\" decoding=\"async\" class=\"aligncenter size-large wp-image-181281\" src=\"https:\/\/migracao.redenoticia.com.br\/noticia\/imagens\/bela-a-feia-resumo-final-novela-04-308x300.jpg\" alt=\"\" width=\"308\" height=\"300\" srcset=\"https:\/\/migracao.redenoticia.com.br\/noticia\/imagens\/bela-a-feia-resumo-final-novela-04-308x300.jpg 308w, https:\/\/migracao.redenoticia.com.br\/noticia\/imagens\/bela-a-feia-resumo-final-novela-04-192x187.jpg 192w, https:\/\/migracao.redenoticia.com.br\/noticia\/imagens\/bela-a-feia-resumo-final-novela-04.jpg 564w\" sizes=\"auto, (max-width: 308px) 100vw, 308px\" \/><\/p>\n<p><strong><em>Novela &#8220;Bela, a Feia\u201d:<\/em><\/strong> C\u00edntia e Ver\u00f4nica almo\u00e7am juntas. C\u00edntia diz estar disposta a se aliar \u00e0 Ver\u00f4nica para derrubar Valentina da presid\u00eancia. Diego fica surpreso quando Diogo conta que C\u00edntia quer tirar Valentina da presid\u00eancia. C\u00edntia promete apoiar todas as ideias e opini\u00f5es de Ver\u00f4nica. Ela fica passada quando Ver\u00f4nica exige que C\u00edntia fa\u00e7a massagem nela uma vez por semana. C\u00edntia hesita, mas acaba fechando parceria com Ver\u00f4nica. Ver\u00f4nica provoca C\u00edntia, que fica irritada. Ver\u00f4nica conta que n\u00e3o existe informa\u00e7\u00e3o alguma sobre o passado de Valentina e C\u00edntia acredita que ela seja uma fraude.<\/p>\n<p>Bela e Vera ficam preocupadas com o pedido de reuni\u00e3o extraordin\u00e1ria de C\u00edntia. C\u00edntia conta para os pais que vai desmascarar Valentina. C\u00edntia diz ter descoberto que Valentina \u00e9 uma fraude. Bela fica assustad\u00edssima. Rodrigo e Vera, at\u00f4nitos, fingem n\u00e3o acreditar. Ricardo tamb\u00e9m fica irritado com a insinua\u00e7\u00e3o da filha. C\u00edntia digita o nome de Valentina Carvalho no computador e s\u00f3 encontra informa\u00e7\u00f5es sobre a fase na Mais Brasil. Ela diz que antes de entrar na Mais Brasil, Valentina n\u00e3o existia. Vera e Rodrigo continuam n\u00e3o dando bola para C\u00edntia. Ricardo tamb\u00e9m n\u00e3o d\u00e1 a m\u00ednima e parabeniza Valentina por estar reerguendo a Mais Brasil.<\/p>\n<p>C\u00edntia fica indignada. C\u00edntia continua debochando de Valentina, mas Vera, Rodrigo e Ricardo a defendem. A reuni\u00e3o \u00e9 encerrada e C\u00edntia n\u00e3o sabe o que dizer. Rodrigo e Ricardo pedem desculpas \u00e0 Valentina pelo constrangimento de C\u00edntia. As duas discutem e Cinta vai embora, enlouquecida. Ver\u00f4nica e C\u00edntia se encontram depois do expediente na Mais Brasil para planejarem a decad\u00eancia de Valentina. Ver\u00f4nica quer colocar C\u00edntia na presid\u00eancia. As duas, c\u00famplices, prometem derrubar Valentina da Mais Brasil.<\/p>\n<p>Sinopse \u201cA Dona do Peda\u00e7o\u201d: Bela (Gisele Iti\u00e9) \u00e9 uma jovem competente e esfor\u00e7ada, que tem boa forma\u00e7\u00e3o acad\u00eamica, mas n\u00e3o consegue emprego por ter uma apar\u00eancia considerada feia. Na inf\u00e2ncia Bela formava uma dupla humor\u00edstica com Dinho (Thierry Figueira), no qual sua feiura era sempre o motivo dos deboches e das piadas, sendo empresariados pelo pai do garoto, Ataufo (Andr\u00e9 Mattos). Os dois fugiram com o dinheiro que recebiam dos shows e passaram toda a vida dando golpe nas pessoas e evitando a pris\u00e3o com diversos disfarces e identidades diferentes.<\/p>\n","protected":false},"excerpt":{"rendered":"<p>Novela &#8220;Bela, a Feia\u201d: C\u00edntia e Ver\u00f4nica almo\u00e7am juntas. C\u00edntia diz estar disposta a se aliar \u00e0 Ver\u00f4nica para derrubar Valentina da presid\u00eancia. Diego fica surpreso quando Diogo conta que C\u00edntia quer tirar Valentina da presid\u00eancia. C\u00edntia promete apoiar todas as ideias e opini\u00f5es de Ver\u00f4nica. Ela fica passada quando Ver\u00f4nica exige que C\u00edntia fa\u00e7a [&hellip;]<\/p>\n","protected":false},"author":2,"featured_media":181280,"comment_status":"open","ping_status":"closed","sticky":false,"template":"","format":"standard","meta":{"tdm_status":"","tdm_grid_status":"","footnotes":""},"categories":[379,371,343],"tags":[440],"class_list":{"0":"post-181276","1":"post","2":"type-post","3":"status-publish","4":"format-standard","5":"has-post-thumbnail","7":"category-novelas","8":"category-rede-record","9":"category-televisao","10":"tag-noticia-novela"},"_links":{"self":[{"href":"https:\/\/migracao.redenoticia.com.br\/noticia\/wp-json\/wp\/v2\/posts\/181276","targetHints":{"allow":["GET"]}}],"collection":[{"href":"https:\/\/migracao.redenoticia.com.br\/noticia\/wp-json\/wp\/v2\/posts"}],"about":[{"href":"https:\/\/migracao.redenoticia.com.br\/noticia\/wp-json\/wp\/v2\/types\/post"}],"author":[{"embeddable":true,"href":"https:\/\/migracao.redenoticia.com.br\/noticia\/wp-json\/wp\/v2\/users\/2"}],"replies":[{"embeddable":true,"href":"https:\/\/migracao.redenoticia.com.br\/noticia\/wp-json\/wp\/v2\/comments?post=181276"}],"version-history":[{"count":0,"href":"https:\/\/migracao.redenoticia.com.br\/noticia\/wp-json\/wp\/v2\/posts\/181276\/revisions"}],"wp:featuredmedia":[{"embeddable":true,"href":"https:\/\/migracao.redenoticia.com.br\/noticia\/wp-json\/wp\/v2\/media\/181280"}],"wp:attachment":[{"href":"https:\/\/migracao.redenoticia.com.br\/noticia\/wp-json\/wp\/v2\/media?parent=181276"}],"wp:term":[{"taxonomy":"category","embeddable":true,"href":"https:\/\/migracao.redenoticia.com.br\/noticia\/wp-json\/wp\/v2\/categories?post=181276"},{"taxonomy":"post_tag","embeddable":true,"href":"https:\/\/migracao.redenoticia.com.br\/noticia\/wp-json\/wp\/v2\/tags?post=181276"}],"curies":[{"name":"wp","href":"https:\/\/api.w.org\/{rel}","templated":true}]}}