{"id":181308,"date":"2019-08-30T11:04:19","date_gmt":"2019-08-30T14:04:19","guid":{"rendered":"https:\/\/www.redenoticia.com.br\/noticia\/?p=181308"},"modified":"2019-08-30T11:04:24","modified_gmt":"2019-08-30T14:04:24","slug":"resumo-novela-orfaos-da-terra-31-08-dalila-atira-em-laila","status":"publish","type":"post","link":"https:\/\/migracao.redenoticia.com.br\/noticia\/2019\/resumo-novela-orfaos-da-terra-31-08-dalila-atira-em-laila\/181308","title":{"rendered":"Resumo novela \u201c\u00d3rf\u00e3os da Terra\u201d 31\/08: Dalila atira em Laila"},"content":{"rendered":"<p><img loading=\"lazy\" decoding=\"async\" class=\"aligncenter size-large wp-image-173643\" src=\"https:\/\/migracao.redenoticia.com.br\/noticia\/imagens\/orfaos-da-terra-01-376x300.jpg\" alt=\"\" width=\"376\" height=\"300\" srcset=\"https:\/\/migracao.redenoticia.com.br\/noticia\/imagens\/orfaos-da-terra-01-376x300.jpg 376w, https:\/\/migracao.redenoticia.com.br\/noticia\/imagens\/orfaos-da-terra-01-234x187.jpg 234w, https:\/\/migracao.redenoticia.com.br\/noticia\/imagens\/orfaos-da-terra-01-560x447.jpg 560w, https:\/\/migracao.redenoticia.com.br\/noticia\/imagens\/orfaos-da-terra-01.jpg 600w\" sizes=\"auto, (max-width: 376px) 100vw, 376px\" \/><\/p>\n<p>Resumo da novela <strong><em>\u201c\u00d3rf\u00e3os da Terra&#8221;<\/em><\/strong> em 31\/08: no cap\u00edtulo 131(*) da novela, s\u00e1bado, 31 de agosto, Almeidinha prende uma c\u00famplice de Dalila. Helena aceita o pedido de Hussein. M\u00e1gida ouve Salma falando de Aline para Padre Zoran. Aline sofre com a falta de Salma. Let\u00edcia afirma que n\u00e3o deixar\u00e1 Benjamin morar com ela. Fauze amea\u00e7a denunciar Dalila. Almeidinha interroga Ham\u00edda e faz uma acarea\u00e7\u00e3o entre ela e Jamil. Cibele sonha com Davi. Benjamin se recusa a falar sobre Let\u00edcia para Caetano.<\/p>\n<p>Ham\u00edda confessa o envolvimento de Dalila no sequestro de Salma e pede prote\u00e7\u00e3o a Almeidinha. Dalila foge da Pol\u00edcia. Fauze desmente para Laila as acusa\u00e7\u00f5es feitas por M\u00e1gida. Mamede tem uma crise e Ali tenta conter o choro. Chega o dia do teste de Latifa. Almeidinha interroga M\u00e1gida e Fairouz. Hussein e Helena falam com Padre Zoran. Dalila invade o Instituto e atira em Laila.<\/p>\n<p>(*) edi\u00e7\u00e3o Globo, Novela \u201c\u00d3rf\u00e3os da Terra\u201d, sujeito a altera\u00e7\u00e3o de data e conte\u00fado.<\/p>\n<p>Destaques<\/p>\n<p>Novela \u201c\u00d3rf\u00e3os da Terra\u201d &#8211; A hist\u00f3ria se inicia na S\u00edria, onde Missade (Ana Cec\u00edlia Costa) e Elias (Marco Ricca) vivem com seus filhos Laila (Julia Dalavia) e Khaled (Rodrigo Vidal) at\u00e9 serem v\u00edtimas da guerra e terem que se refugiar no L\u00edbano. Com o irm\u00e3o gravemente ferido e a fam\u00edlia presa num campo de concentra\u00e7\u00e3o, Laila aceita se casar com o sheik Aziz (Herson Capri) \u2013 um homem cruel e muito mais velho \u2013 em troca de dinheiro para pagar o tratamento m\u00e9dico.<\/p>\n<p>Por\u00e9m, o menino falece e a mo\u00e7a decide fugir para o Brasil com seus pais na noite de n\u00fapcias, antes do casamento ser consumado, indo morar com seus tios, R\u00e2nia (Eliane Giardini) e Miguel (Paulo Betti). Irritado, o sheik manda Jammil (Renato G\u00f3es), seu bra\u00e7o-direito e noivo de sua filha, Dalila (Alice Wegmann), buscar a mo\u00e7a e traz\u00ea-la a for\u00e7a, por\u00e9m os dois acabam se apaixonando e se tornam fugitivos da fam\u00edlia Abdallah.<\/p>\n","protected":false},"excerpt":{"rendered":"<p>Resumo da novela \u201c\u00d3rf\u00e3os da Terra&#8221; em 31\/08: no cap\u00edtulo 131(*) da novela, s\u00e1bado, 31 de agosto, Almeidinha prende uma c\u00famplice de Dalila. Helena aceita o pedido de Hussein. M\u00e1gida ouve Salma falando de Aline para Padre Zoran. Aline sofre com a falta de Salma. Let\u00edcia afirma que n\u00e3o deixar\u00e1 Benjamin morar com ela. Fauze [&hellip;]<\/p>\n","protected":false},"author":4,"featured_media":173640,"comment_status":"open","ping_status":"closed","sticky":false,"template":"","format":"standard","meta":{"tdm_status":"","tdm_grid_status":"","footnotes":""},"categories":[379,540,375,343],"tags":[441],"class_list":{"0":"post-181308","1":"post","2":"type-post","3":"status-publish","4":"format-standard","5":"has-post-thumbnail","7":"category-novelas","8":"category-orfaos-da-terra","9":"category-rede-globo","10":"category-televisao","11":"tag-resumo-do-dia"},"_links":{"self":[{"href":"https:\/\/migracao.redenoticia.com.br\/noticia\/wp-json\/wp\/v2\/posts\/181308","targetHints":{"allow":["GET"]}}],"collection":[{"href":"https:\/\/migracao.redenoticia.com.br\/noticia\/wp-json\/wp\/v2\/posts"}],"about":[{"href":"https:\/\/migracao.redenoticia.com.br\/noticia\/wp-json\/wp\/v2\/types\/post"}],"author":[{"embeddable":true,"href":"https:\/\/migracao.redenoticia.com.br\/noticia\/wp-json\/wp\/v2\/users\/4"}],"replies":[{"embeddable":true,"href":"https:\/\/migracao.redenoticia.com.br\/noticia\/wp-json\/wp\/v2\/comments?post=181308"}],"version-history":[{"count":0,"href":"https:\/\/migracao.redenoticia.com.br\/noticia\/wp-json\/wp\/v2\/posts\/181308\/revisions"}],"wp:featuredmedia":[{"embeddable":true,"href":"https:\/\/migracao.redenoticia.com.br\/noticia\/wp-json\/wp\/v2\/media\/173640"}],"wp:attachment":[{"href":"https:\/\/migracao.redenoticia.com.br\/noticia\/wp-json\/wp\/v2\/media?parent=181308"}],"wp:term":[{"taxonomy":"category","embeddable":true,"href":"https:\/\/migracao.redenoticia.com.br\/noticia\/wp-json\/wp\/v2\/categories?post=181308"},{"taxonomy":"post_tag","embeddable":true,"href":"https:\/\/migracao.redenoticia.com.br\/noticia\/wp-json\/wp\/v2\/tags?post=181308"}],"curies":[{"name":"wp","href":"https:\/\/api.w.org\/{rel}","templated":true}]}}