{"id":181317,"date":"2019-08-05T22:09:31","date_gmt":"2019-08-06T01:09:31","guid":{"rendered":"https:\/\/www.redenoticia.com.br\/noticia\/?p=181317"},"modified":"2019-09-05T22:39:26","modified_gmt":"2019-09-06T01:39:26","slug":"a-fazenda-11-2019-venenosos-no-perrengue","status":"publish","type":"post","link":"https:\/\/migracao.redenoticia.com.br\/noticia\/2019\/a-fazenda-11-2019-venenosos-no-perrengue\/181317","title":{"rendered":"&#8220;A Fazenda&#8221; 11 (2019): venenosos no perrengue"},"content":{"rendered":"<p><img loading=\"lazy\" decoding=\"async\" class=\"aligncenter size-large wp-image-152827\" src=\"https:\/\/migracao.redenoticia.com.br\/noticia\/imagens\/a-fazenda-10-2018-400x267.jpg\" alt=\"\" width=\"400\" height=\"267\" srcset=\"https:\/\/migracao.redenoticia.com.br\/noticia\/imagens\/a-fazenda-10-2018-400x267.jpg 400w, https:\/\/migracao.redenoticia.com.br\/noticia\/imagens\/a-fazenda-10-2018-250x167.jpg 250w, https:\/\/migracao.redenoticia.com.br\/noticia\/imagens\/a-fazenda-10-2018-150x100.jpg 150w, https:\/\/migracao.redenoticia.com.br\/noticia\/imagens\/a-fazenda-10-2018.jpg 640w\" sizes=\"auto, (max-width: 400px) 100vw, 400px\" \/><\/p>\n<p><em><strong>&#8220;A Fazenda&#8221; 11 (2019):<\/strong><\/em> Em setembro a Record pretende levar 15 venenosos do Balan\u00e7o Geral de diferentes regi\u00f5es do Brasil para passarem um dia na sede de A Fazenda 11, em Itapecerica da Serra, na Grande S\u00e3o Paulo. Os venenosos v\u00e3o passar por perrengues e por uma atividade especial, comandada por Marcos Mion, apresentador do reality.<\/p>\n<p>Os venenosos cotados s\u00e3o: Fab\u00edola Reipert (SP), Gabriel Rodrigues (Belo Horizonte), Amin Khader (Rio de Janeiro), Fab\u00edola Gadelha (Amazonas), Vitor Moreno (Esp\u00edrito Santo), Kaline Fran\u00e7a (Campinas), Maga (Pernambuco), Mayara Magalh\u00e3es (Bahia), Cecilia Comel (Paran\u00e1), Marta Gomes (Santa Catarina), Mariana Sena (Par\u00e1), Priscilla Freire (Natal) e a rep\u00f3rter Ana Paula Neves, do programa Hoje em Dia.<\/p>\n<p>O grande vencedor de A Fazenda 11 vai embolsar um pr\u00eamio de R$ 1,5 milh\u00e3o; outros R$ 500 mil ser\u00e3o divididos entre os outros competidores. Rodrigo Carelli segue na dire\u00e7\u00e3o do programa.<\/p>\n","protected":false},"excerpt":{"rendered":"<p>&#8220;A Fazenda&#8221; 11 (2019): Em setembro a Record pretende levar 15 venenosos do Balan\u00e7o Geral de diferentes regi\u00f5es do Brasil para passarem um dia na sede de A Fazenda 11, em Itapecerica da Serra, na Grande S\u00e3o Paulo. Os venenosos v\u00e3o passar por perrengues e por uma atividade especial, comandada por Marcos Mion, apresentador do [&hellip;]<\/p>\n","protected":false},"author":2,"featured_media":150800,"comment_status":"open","ping_status":"closed","sticky":false,"template":"","format":"standard","meta":{"tdm_status":"","tdm_grid_status":"","footnotes":""},"categories":[406,371,343],"tags":[440,523],"class_list":{"0":"post-181317","1":"post","2":"type-post","3":"status-publish","4":"format-standard","5":"has-post-thumbnail","7":"category-a-fazenda","8":"category-rede-record","9":"category-televisao","10":"tag-noticia-novela","11":"tag-variedades"},"_links":{"self":[{"href":"https:\/\/migracao.redenoticia.com.br\/noticia\/wp-json\/wp\/v2\/posts\/181317","targetHints":{"allow":["GET"]}}],"collection":[{"href":"https:\/\/migracao.redenoticia.com.br\/noticia\/wp-json\/wp\/v2\/posts"}],"about":[{"href":"https:\/\/migracao.redenoticia.com.br\/noticia\/wp-json\/wp\/v2\/types\/post"}],"author":[{"embeddable":true,"href":"https:\/\/migracao.redenoticia.com.br\/noticia\/wp-json\/wp\/v2\/users\/2"}],"replies":[{"embeddable":true,"href":"https:\/\/migracao.redenoticia.com.br\/noticia\/wp-json\/wp\/v2\/comments?post=181317"}],"version-history":[{"count":0,"href":"https:\/\/migracao.redenoticia.com.br\/noticia\/wp-json\/wp\/v2\/posts\/181317\/revisions"}],"wp:featuredmedia":[{"embeddable":true,"href":"https:\/\/migracao.redenoticia.com.br\/noticia\/wp-json\/wp\/v2\/media\/150800"}],"wp:attachment":[{"href":"https:\/\/migracao.redenoticia.com.br\/noticia\/wp-json\/wp\/v2\/media?parent=181317"}],"wp:term":[{"taxonomy":"category","embeddable":true,"href":"https:\/\/migracao.redenoticia.com.br\/noticia\/wp-json\/wp\/v2\/categories?post=181317"},{"taxonomy":"post_tag","embeddable":true,"href":"https:\/\/migracao.redenoticia.com.br\/noticia\/wp-json\/wp\/v2\/tags?post=181317"}],"curies":[{"name":"wp","href":"https:\/\/api.w.org\/{rel}","templated":true}]}}