{"id":181354,"date":"2019-08-31T13:47:35","date_gmt":"2019-08-31T16:47:35","guid":{"rendered":"https:\/\/www.redenoticia.com.br\/noticia\/?p=181354"},"modified":"2019-08-31T13:47:40","modified_gmt":"2019-08-31T16:47:40","slug":"resumo-novela-a-que-nao-podia-amar-02-09-rogerio-e-operado","status":"publish","type":"post","link":"https:\/\/migracao.redenoticia.com.br\/noticia\/2019\/resumo-novela-a-que-nao-podia-amar-02-09-rogerio-e-operado\/181354","title":{"rendered":"Resumo novela \u201cA Que N\u00e3o Podia Amar\u201d 02\/09: Rog\u00e9rio \u00e9 operado"},"content":{"rendered":"<p><strong><em><img loading=\"lazy\" decoding=\"async\" class=\"aligncenter size-large wp-image-173635\" src=\"https:\/\/migracao.redenoticia.com.br\/noticia\/imagens\/a-que-nao-podia-amar-400x271.jpg\" alt=\"\" width=\"400\" height=\"271\" srcset=\"https:\/\/migracao.redenoticia.com.br\/noticia\/imagens\/a-que-nao-podia-amar-400x271.jpg 400w, https:\/\/migracao.redenoticia.com.br\/noticia\/imagens\/a-que-nao-podia-amar-250x169.jpg 250w, https:\/\/migracao.redenoticia.com.br\/noticia\/imagens\/a-que-nao-podia-amar-560x379.jpg 560w, https:\/\/migracao.redenoticia.com.br\/noticia\/imagens\/a-que-nao-podia-amar.jpg 620w\" sizes=\"auto, (max-width: 400px) 100vw, 400px\" \/><\/em><\/strong><\/p>\n<p>Resumo da novela<strong><em> \u201cA Que N\u00e3o Podia Amar\u201d&nbsp;<\/em><\/strong> em 02\/09: no cap\u00edtulo 106(*) da novela, segunda-feira, 02 de setembro, Miguel e Dany comemoram que j\u00e1 conseguiram uma vaga para morar na pens\u00e3o. Ulisses se surpreende ao saber por Rosa que Estev\u00e3o est\u00e1 com ci\u00fames dele. Rosaura diz a Ana Paula que deve toda sua alegria a ela, mas a mo\u00e7a responde que deve apenas a Rog\u00e9rio que se esfor\u00e7ou para conquist\u00e1-la. Gustavo pede que Rog\u00e9rio altere uma cl\u00e1usula do testamento na qual lhe garantia uma parte da heran\u00e7a e diz que aceita o pedido do fazendeiro.<\/p>\n<p>Marquinho mostra para Maria as fotos que tirou na viagem. Um incidente acontece e Gustavo se oferece para ajudar. O engenheiro fica abalado ao ver as fotos. Ana Paula questiona se Rog\u00e9rio tem certeza que deseja passar pela opera\u00e7\u00e3o, ele confirma. Miguel diz a Rosaura que eles devem deixar Ana Paula e Rog\u00e9rio viverem sozinhos e que a tia deve se mudar para a pens\u00e3o com Daniela e ele. Miguel agradece Rog\u00e9rio por tudo o que fez por ele e diz que deseja ir embora da fazenda e tomar r\u00e9deas de sua vida. Gustavo diz a C\u00edntia que os dois n\u00e3o est\u00e3o prontos ainda para se casar pela Igreja. A mo\u00e7a reage furiosa, acusando o marido de ainda estar apaixonado pela ex.<\/p>\n<p>Rosaura se recusa a ir embora da fazenda e diz que quer ficar para ajudar a sobrinha e Rog\u00e9rio. Miguel informa a Bruno que n\u00e3o precisa mais que ele seja seu advogado. Miguel e Dany agradecem Ana Paula e Rog\u00e9rio por tudo o que fizeram por eles e desejam boa sorte na opera\u00e7\u00e3o. Mais tarde, os dois chegam \u00e0 pens\u00e3o e comemoram a nova fase de suas vidas. Enquanto isso na fazenda, Ana Paula e Rog\u00e9rio est\u00e3o ansiosos com a opera\u00e7\u00e3o. No dia seguinte na Cidade do M\u00e9xico, Ernesto avisa que vai se preparar para realizar o procedimento. Maria e Rosaura discutem na fazenda. Em seguida, a tia de Ana Paula pensa sozinha que o melhor seria que o fazendeiro morresse na opera\u00e7\u00e3o.<\/p>\n<p>Marquinho escuta Gustavo falando que foi nomeado tutor no testamento de Rog\u00e9rio. As horas passam e enquanto Rog\u00e9rio \u00e9 operado, Ana Paula espera ansiosa os resultados. Finalmente, sai Ernesto e ela desesperada lhe pergunta como Rog\u00e9rio est\u00e1, o m\u00e9dico informa que o fazendeiro est\u00e1 bem, mas que esse n\u00e3o \u00e9 o resultado definitivo. C\u00edntia pede a Elias para seguir todas as ordens de Gustavo, para que o capataz possa continuar na fazenda. Rosaura conversa com Bruno, ele diz que no tempo que Rog\u00e9rio estiver no hospital, deve aproveitar para mat\u00e1-lo. C\u00edntia diz a Elias que talvez a opera\u00e7\u00e3o de Rog\u00e9rio saia mal e ele morra, e dessa maneira eles poderiam desfrutar de toda a fortuna Montero.<\/p>\n<p>No hospital, Rog\u00e9rio desperta e Ana Paula conversa com ele. Maria comemora com Gustavo e C\u00edntia que Rog\u00e9rio j\u00e1 tenha sa\u00eddo da cirurgia. Quando ficam sozinhos, C\u00edntia diz a Gustavo que ela sim se esfor\u00e7a para estar ao seu lado e para lhe dar um filho, n\u00e3o como Ana Paula que o trocou por Rog\u00e9rio. Enquanto isso, Bruno pergunta a Ernesto sobre os medicamentos que est\u00e1 aplicando em Rog\u00e9rio e fica sabendo que uma dose exagerada poderia causar uma fal\u00eancia m\u00faltipla dos \u00f3rg\u00e3os.<\/p>\n<p>(*) edi\u00e7\u00e3o do SBT, Novela \u201cA Que N\u00e3o Podia Amar\u201d, sujeito a altera\u00e7\u00e3o de data e conte\u00fado.<\/p>\n<p>&#8220;A Que N\u00e3o Podia Amar&#8221;- Ana Paula, uma enfermeira humilde que se v\u00ea obrigada a trabalhar na casa de Rog\u00e9rio Montero (Jorge Salinas), um homem amargurado. Rog\u00e9rio sofre por ser parapl\u00e9gico e destrata todas as pessoas. Ana Paula atura tudo calada e o rica\u00e7o se apaixona por ela.<\/p>\n<p>Ana conhece Gustavo Duran (Jos\u00e9 Ron), um engenheiro nobre e trabalhador. Os dois se apaixonam, mas ter\u00e3o de enfrentar Rog\u00e9rio, j\u00e1 que ele tamb\u00e9m gosta da mocinha, formando assim, um tri\u00e2ngulo amoroso com terr\u00edveis consequ\u00eancias.<\/p>\n","protected":false},"excerpt":{"rendered":"<p>Resumo da novela \u201cA Que N\u00e3o Podia Amar\u201d&nbsp; em 02\/09: no cap\u00edtulo 106(*) da novela, segunda-feira, 02 de setembro, Miguel e Dany comemoram que j\u00e1 conseguiram uma vaga para morar na pens\u00e3o. Ulisses se surpreende ao saber por Rosa que Estev\u00e3o est\u00e1 com ci\u00fames dele. Rosaura diz a Ana Paula que deve toda sua alegria [&hellip;]<\/p>\n","protected":false},"author":2,"featured_media":173627,"comment_status":"open","ping_status":"closed","sticky":false,"template":"","format":"standard","meta":{"tdm_status":"","tdm_grid_status":"","footnotes":""},"categories":[379,372,343],"tags":[441],"class_list":{"0":"post-181354","1":"post","2":"type-post","3":"status-publish","4":"format-standard","5":"has-post-thumbnail","7":"category-novelas","8":"category-sbt","9":"category-televisao","10":"tag-resumo-do-dia"},"_links":{"self":[{"href":"https:\/\/migracao.redenoticia.com.br\/noticia\/wp-json\/wp\/v2\/posts\/181354","targetHints":{"allow":["GET"]}}],"collection":[{"href":"https:\/\/migracao.redenoticia.com.br\/noticia\/wp-json\/wp\/v2\/posts"}],"about":[{"href":"https:\/\/migracao.redenoticia.com.br\/noticia\/wp-json\/wp\/v2\/types\/post"}],"author":[{"embeddable":true,"href":"https:\/\/migracao.redenoticia.com.br\/noticia\/wp-json\/wp\/v2\/users\/2"}],"replies":[{"embeddable":true,"href":"https:\/\/migracao.redenoticia.com.br\/noticia\/wp-json\/wp\/v2\/comments?post=181354"}],"version-history":[{"count":0,"href":"https:\/\/migracao.redenoticia.com.br\/noticia\/wp-json\/wp\/v2\/posts\/181354\/revisions"}],"wp:featuredmedia":[{"embeddable":true,"href":"https:\/\/migracao.redenoticia.com.br\/noticia\/wp-json\/wp\/v2\/media\/173627"}],"wp:attachment":[{"href":"https:\/\/migracao.redenoticia.com.br\/noticia\/wp-json\/wp\/v2\/media?parent=181354"}],"wp:term":[{"taxonomy":"category","embeddable":true,"href":"https:\/\/migracao.redenoticia.com.br\/noticia\/wp-json\/wp\/v2\/categories?post=181354"},{"taxonomy":"post_tag","embeddable":true,"href":"https:\/\/migracao.redenoticia.com.br\/noticia\/wp-json\/wp\/v2\/tags?post=181354"}],"curies":[{"name":"wp","href":"https:\/\/api.w.org\/{rel}","templated":true}]}}