{"id":181358,"date":"2019-08-31T13:50:28","date_gmt":"2019-08-31T16:50:28","guid":{"rendered":"https:\/\/www.redenoticia.com.br\/noticia\/?p=181358"},"modified":"2019-08-31T13:50:34","modified_gmt":"2019-08-31T16:50:34","slug":"resumo-novela-cumplices-de-um-resgate-02-09-priscila-tranca-manuela-no-banheiro","status":"publish","type":"post","link":"https:\/\/migracao.redenoticia.com.br\/noticia\/2019\/resumo-novela-cumplices-de-um-resgate-02-09-priscila-tranca-manuela-no-banheiro\/181358","title":{"rendered":"Resumo novela \u201cC\u00famplices de um Resgate\u201d 02\/09: Priscila tranca Manuela no banheiro"},"content":{"rendered":"<p><img loading=\"lazy\" decoding=\"async\" class=\"aligncenter size-large wp-image-164526\" src=\"https:\/\/migracao.redenoticia.com.br\/noticia\/imagens\/cumplices-de-um-resgate-001-316x300.jpg\" alt=\"\" width=\"316\" height=\"300\" srcset=\"https:\/\/migracao.redenoticia.com.br\/noticia\/imagens\/cumplices-de-um-resgate-001-316x300.jpg 316w, https:\/\/migracao.redenoticia.com.br\/noticia\/imagens\/cumplices-de-um-resgate-001-197x187.jpg 197w, https:\/\/migracao.redenoticia.com.br\/noticia\/imagens\/cumplices-de-um-resgate-001-150x143.jpg 150w, https:\/\/migracao.redenoticia.com.br\/noticia\/imagens\/cumplices-de-um-resgate-001.jpg 526w\" sizes=\"auto, (max-width: 316px) 100vw, 316px\" \/> Resumo novela \u201cC\u00famplices de um Resgate\u201d 02\/09: no cap\u00edtulo 171(*) da novela, segunda-feira, 02 de setembro, Quando estava prestes a sair, Isabela percebe que esqueceu a bola de golfe e volta para a buscar. Regina a encontra, mas pensa ser Manuela. T\u00e9o, D\u00f3ris e Mateus perguntam a Omar qual a moda da cidade, pra eles n\u00e3o parecerem diferentes no show. Omar diz que a moda \u00e9 o estilo punk rock. Isabela vai ao seu quarto e explica tudo pra Manuela. Ela sai pela janela, se junta aos meninos e sai da mans\u00e3o. Andr\u00e9 fica de recupera\u00e7\u00e3o e n\u00e3o poder\u00e1 viajar com a banda. O voo de Rebeca e Ot\u00e1vio e cancelado e eles tem que ficar mais um pouco em Curitiba. Omar engana Sabrina dizendo que eles v\u00e3o sair meia hora mais tarde para ir ao show. Isabela fica na casa dos Vaz.<\/p>\n<p>Rebeca e Ot\u00e1vio fazem mais uma visita surpresa para o doutor Ot\u00e1vio (Sylvio Zilber), av\u00f4 do empres\u00e1rio e fundador da On-Enterprise. Meire diz para Dinho que viu coisas suspeitas no apartamento dos Vaz, como mapas. Geraldo instrui os capangas a como capturarem as crian\u00e7as do vilarejo dos sonhos. Ele explica que o plano \u00e9 deix\u00e1-los preso no galp\u00e3o apenas por um dia. Sapatos diferentes, anel, perfume, corrente, mexas e batom, Clara aparece e se assusta com o visual de D\u00f3ris: \u201cA\u00ed meu Deus, cad\u00ea os meus filhos\u201d. A pequenina explica que essa \u00e9 a moda da cidade. Mateus, que tamb\u00e9m aderiu o visual, diz que gostou do look de rock.<\/p>\n<p>T\u00e9o tamb\u00e9m adere o look e diz que Omar disse que \u00e9 assim que se veste nos shows da cidade. Fiorina se preocupa com a ida das crian\u00e7as para o show da banda C1R. Sabrina se atrasa e perde a ida para a cidade, com Joel, Omar e as demais crian\u00e7as. Vicente comemora que a casa de show est\u00e1 lotada para a estreia da banda C1R. Joel diz para Helena e Pedro que ir\u00e1 buscar os ingressos para as crian\u00e7as. Isabela aparece disfar\u00e7ada e chama Mateus, T\u00e9o e D\u00f3ris para falar sobre a amiga deles. No lado de fora, Isabela tira disfarce e finge ser Manuela. Todos se abra\u00e7am. No camarim, Priscila tranca Manuela no banheiro para que ela n\u00e3o participe do show.<\/p>\n<p>(*) edi\u00e7\u00e3o do SBT, Novela \u201cC\u00famplices de um Resgate\u201d, sujeito a altera\u00e7\u00e3o de data e conte\u00fado.<\/p>\n","protected":false},"excerpt":{"rendered":"<p>Resumo novela \u201cC\u00famplices de um Resgate\u201d 02\/09: no cap\u00edtulo 171(*) da novela, segunda-feira, 02 de setembro, Quando estava prestes a sair, Isabela percebe que esqueceu a bola de golfe e volta para a buscar. Regina a encontra, mas pensa ser Manuela. T\u00e9o, D\u00f3ris e Mateus perguntam a Omar qual a moda da cidade, pra eles [&hellip;]<\/p>\n","protected":false},"author":2,"featured_media":164525,"comment_status":"open","ping_status":"closed","sticky":false,"template":"","format":"standard","meta":{"tdm_status":"","tdm_grid_status":"","footnotes":""},"categories":[379,372,343],"tags":[441],"class_list":{"0":"post-181358","1":"post","2":"type-post","3":"status-publish","4":"format-standard","5":"has-post-thumbnail","7":"category-novelas","8":"category-sbt","9":"category-televisao","10":"tag-resumo-do-dia"},"_links":{"self":[{"href":"https:\/\/migracao.redenoticia.com.br\/noticia\/wp-json\/wp\/v2\/posts\/181358","targetHints":{"allow":["GET"]}}],"collection":[{"href":"https:\/\/migracao.redenoticia.com.br\/noticia\/wp-json\/wp\/v2\/posts"}],"about":[{"href":"https:\/\/migracao.redenoticia.com.br\/noticia\/wp-json\/wp\/v2\/types\/post"}],"author":[{"embeddable":true,"href":"https:\/\/migracao.redenoticia.com.br\/noticia\/wp-json\/wp\/v2\/users\/2"}],"replies":[{"embeddable":true,"href":"https:\/\/migracao.redenoticia.com.br\/noticia\/wp-json\/wp\/v2\/comments?post=181358"}],"version-history":[{"count":0,"href":"https:\/\/migracao.redenoticia.com.br\/noticia\/wp-json\/wp\/v2\/posts\/181358\/revisions"}],"wp:featuredmedia":[{"embeddable":true,"href":"https:\/\/migracao.redenoticia.com.br\/noticia\/wp-json\/wp\/v2\/media\/164525"}],"wp:attachment":[{"href":"https:\/\/migracao.redenoticia.com.br\/noticia\/wp-json\/wp\/v2\/media?parent=181358"}],"wp:term":[{"taxonomy":"category","embeddable":true,"href":"https:\/\/migracao.redenoticia.com.br\/noticia\/wp-json\/wp\/v2\/categories?post=181358"},{"taxonomy":"post_tag","embeddable":true,"href":"https:\/\/migracao.redenoticia.com.br\/noticia\/wp-json\/wp\/v2\/tags?post=181358"}],"curies":[{"name":"wp","href":"https:\/\/api.w.org\/{rel}","templated":true}]}}