{"id":181411,"date":"2019-09-17T22:05:24","date_gmt":"2019-09-18T01:05:24","guid":{"rendered":"https:\/\/www.redenoticia.com.br\/noticia\/?p=181411"},"modified":"2019-09-17T22:09:27","modified_gmt":"2019-09-18T01:09:27","slug":"novela-bela-a-feia-guto-se-apaixona-por-samantha","status":"publish","type":"post","link":"https:\/\/migracao.redenoticia.com.br\/noticia\/2019\/novela-bela-a-feia-guto-se-apaixona-por-samantha\/181411","title":{"rendered":"Novela \u201cBela, a Feia\u201d: Guto se apaixona por Samantha"},"content":{"rendered":"<p><strong><em><img loading=\"lazy\" decoding=\"async\" class=\"aligncenter size-large wp-image-181283\" src=\"https:\/\/migracao.redenoticia.com.br\/noticia\/imagens\/bela-a-feia-resumo-final-novela-02-276x300.jpg\" alt=\"\" width=\"276\" height=\"300\" srcset=\"https:\/\/migracao.redenoticia.com.br\/noticia\/imagens\/bela-a-feia-resumo-final-novela-02-276x300.jpg 276w, https:\/\/migracao.redenoticia.com.br\/noticia\/imagens\/bela-a-feia-resumo-final-novela-02-172x187.jpg 172w, https:\/\/migracao.redenoticia.com.br\/noticia\/imagens\/bela-a-feia-resumo-final-novela-02.jpg 518w\" sizes=\"auto, (max-width: 276px) 100vw, 276px\" \/><\/em><\/strong><\/p>\n<p><strong><em>Novela &#8220;Bela, a Feia\u201d:<\/em><\/strong> Valentina descobre que Max vai se casar e que tamb\u00e9m est\u00e1 preocupado com a situa\u00e7\u00e3o financeira de Samantha. Ela a chama para uma entrevista de emprego e Samantha pergunta como Valentina soube de sua exist\u00eancia. Valentina responde que Vera conhece Max e a contrata. Samantha fica emocionada por saber que conseguiu o emprego por conta de Max. Ela desabafa com Valentina, que disfar\u00e7a a emo\u00e7\u00e3o. Valentina apresenta Samantha a todos os funcion\u00e1rios.<\/p>\n<p>Guto fica impressionado com Samantha e lhe manda flores. Samantha recebe o buqu\u00ea e fica feliz. Luddy tenta descobrir quem est\u00e1 mandando flores para a m\u00e3e, vai at\u00e9 a Mais Brasil e fica encantada com Guto. Sheyla e Luddy conversam sobre Guto e T\u00e2nia revela que ele gosta de Samantha. Luddy fica chocada, debocha e diz que \u00e9 rid\u00edculo Guto dar em cima da m\u00e3e. Samantha nega qualquer envolvimento e fica espantada ao saber que a filha est\u00e1 interessada em Guto. Logo depois, B\u00e1rbara e Guto discutem por conta de Samantha.<\/p>\n<p>Sinopse \u201cA Dona do Peda\u00e7o\u201d: Bela (Gisele Iti\u00e9) \u00e9 uma jovem competente e esfor\u00e7ada, que tem boa forma\u00e7\u00e3o acad\u00eamica, mas n\u00e3o consegue emprego por ter uma apar\u00eancia considerada feia. Na inf\u00e2ncia Bela formava uma dupla humor\u00edstica com Dinho (Thierry Figueira), no qual sua feiura era sempre o motivo dos deboches e das piadas, sendo empresariados pelo pai do garoto, Ataufo (Andr\u00e9 Mattos). Os dois fugiram com o dinheiro que recebiam dos shows e passaram toda a vida dando golpe nas pessoas e evitando a pris\u00e3o com diversos disfarces e identidades diferentes.<\/p>\n","protected":false},"excerpt":{"rendered":"<p>Novela &#8220;Bela, a Feia\u201d: Valentina descobre que Max vai se casar e que tamb\u00e9m est\u00e1 preocupado com a situa\u00e7\u00e3o financeira de Samantha. Ela a chama para uma entrevista de emprego e Samantha pergunta como Valentina soube de sua exist\u00eancia. Valentina responde que Vera conhece Max e a contrata. Samantha fica emocionada por saber que conseguiu [&hellip;]<\/p>\n","protected":false},"author":2,"featured_media":158370,"comment_status":"open","ping_status":"closed","sticky":false,"template":"","format":"standard","meta":{"tdm_status":"","tdm_grid_status":"","footnotes":""},"categories":[379,371,343],"tags":[440],"class_list":{"0":"post-181411","1":"post","2":"type-post","3":"status-publish","4":"format-standard","5":"has-post-thumbnail","7":"category-novelas","8":"category-rede-record","9":"category-televisao","10":"tag-noticia-novela"},"_links":{"self":[{"href":"https:\/\/migracao.redenoticia.com.br\/noticia\/wp-json\/wp\/v2\/posts\/181411","targetHints":{"allow":["GET"]}}],"collection":[{"href":"https:\/\/migracao.redenoticia.com.br\/noticia\/wp-json\/wp\/v2\/posts"}],"about":[{"href":"https:\/\/migracao.redenoticia.com.br\/noticia\/wp-json\/wp\/v2\/types\/post"}],"author":[{"embeddable":true,"href":"https:\/\/migracao.redenoticia.com.br\/noticia\/wp-json\/wp\/v2\/users\/2"}],"replies":[{"embeddable":true,"href":"https:\/\/migracao.redenoticia.com.br\/noticia\/wp-json\/wp\/v2\/comments?post=181411"}],"version-history":[{"count":0,"href":"https:\/\/migracao.redenoticia.com.br\/noticia\/wp-json\/wp\/v2\/posts\/181411\/revisions"}],"wp:featuredmedia":[{"embeddable":true,"href":"https:\/\/migracao.redenoticia.com.br\/noticia\/wp-json\/wp\/v2\/media\/158370"}],"wp:attachment":[{"href":"https:\/\/migracao.redenoticia.com.br\/noticia\/wp-json\/wp\/v2\/media?parent=181411"}],"wp:term":[{"taxonomy":"category","embeddable":true,"href":"https:\/\/migracao.redenoticia.com.br\/noticia\/wp-json\/wp\/v2\/categories?post=181411"},{"taxonomy":"post_tag","embeddable":true,"href":"https:\/\/migracao.redenoticia.com.br\/noticia\/wp-json\/wp\/v2\/tags?post=181411"}],"curies":[{"name":"wp","href":"https:\/\/api.w.org\/{rel}","templated":true}]}}