{"id":181416,"date":"2019-09-02T14:33:05","date_gmt":"2019-09-02T17:33:05","guid":{"rendered":"https:\/\/www.redenoticia.com.br\/noticia\/?p=181416"},"modified":"2019-09-02T14:33:10","modified_gmt":"2019-09-02T17:33:10","slug":"resumo-novela-abismo-de-paixao-03-09-elisa-chora-sobre-o-caixao-de-sua-mae","status":"publish","type":"post","link":"https:\/\/migracao.redenoticia.com.br\/noticia\/2019\/resumo-novela-abismo-de-paixao-03-09-elisa-chora-sobre-o-caixao-de-sua-mae\/181416","title":{"rendered":"Resumo novela \u201cAbismo de Paix\u00e3o\u201d 03\/09: Elisa chora sobre o caix\u00e3o de sua m\u00e3e"},"content":{"rendered":"<p><img loading=\"lazy\" decoding=\"async\" class=\"aligncenter size-large wp-image-181127\" src=\"https:\/\/migracao.redenoticia.com.br\/noticia\/imagens\/abismo-de-paixao-sbt-resumo-327x300.jpg\" alt=\"\" width=\"327\" height=\"300\" srcset=\"https:\/\/migracao.redenoticia.com.br\/noticia\/imagens\/abismo-de-paixao-sbt-resumo-327x300.jpg 327w, https:\/\/migracao.redenoticia.com.br\/noticia\/imagens\/abismo-de-paixao-sbt-resumo-204x187.jpg 204w, https:\/\/migracao.redenoticia.com.br\/noticia\/imagens\/abismo-de-paixao-sbt-resumo.jpg 426w\" sizes=\"auto, (max-width: 327px) 100vw, 327px\" \/><\/p>\n<p>Resumo da novela<strong><em> \u201cAbismo de Paix\u00e3o\u201d&nbsp;<\/em><\/strong> em 03\/09: no cap\u00edtulo 007(*) da novela, ter\u00e7a-feira, 03 de setembro, num ambiente desolador, cheio de l\u00e1grimas e tristeza acontecem os dois vel\u00f3rios, por um lado o de Rog\u00e9rio, enquanto no pante\u00e3o enterram Estef\u00e2nia. Gael acompanha Dami\u00e3o, enquanto Paloma e sua av\u00f3 assistem a cerim\u00f4nia para dar seu apoio a Elisa, quem chora desconsolada sobre o caix\u00e3o de sua m\u00e3e, seus padrinhos tentam tranquiliz\u00e1-la.<\/p>\n<p>Dami\u00e3o se encontra com Elisa no pante\u00e3o, quando Almerinda os v\u00ea juntos, adverte que se depender dela os dois n\u00e3o v\u00e3o voltar a se ver. Mais tarde em casa, Carmem sabe que ningu\u00e9m pode descobrir que era ela a amante de Rog\u00e9rio, por isso pretende comprar o sil\u00eancio de Ramiro com as j\u00f3ias de sua irm\u00e3, e se n\u00e3o conseguir, o matar\u00e1.<\/p>\n<p>(*) edi\u00e7\u00e3o do SBT, Novela \u201cAbismo de Paix\u00e3o\u201d, sujeito a altera\u00e7\u00e3o de data e conte\u00fado.<\/p>\n<p>&#8220;Abismo de Paix\u00e3o&#8221;- Augusto Casta\u00f1\u00f3n (Alejandro Camacho) e Estef\u00e2nia Bouvier de Casta\u00f1\u00f3n (Ludwika Paleta) s\u00e3o pais de Elisa (Angelique Boyer). Com eles vive Carmen Bouvier (Sabine Moussier), irm\u00e3 mais velha de Estef\u00e2nia e que vai fugir do povoado com Rog\u00e9rio Arango (C\u00e9sar \u00c9vora), esposo de Almerinda Arango (Blanca Guerra) e pai de Dami\u00e3o (David Zepeda), melhor amigo de Elisa. Almerinda descobre e alerta a Augusto.<\/p>\n<p>Por sua parte, Estef\u00e2nia tenta impedir Rog\u00e9rio a n\u00e3o abandonar sua fam\u00edlia, mas devido ao intemp\u00e9rie da chuva, ambos morrem em um acidente de carro. Carmem aproveita o fato para fazer Augusto acreditar que sua esposa era infiel. Augusto, por despeito, casa-se com Carmem, apesar de n\u00e3o estar apaixonado por ela e nem am\u00e1-la. Carmem est\u00e1 gr\u00e1vida de Rog\u00e9rio, mas mente para Augusto, dizendo que o filho \u00e9 dele. Querendo bater em Elisa, Carmem escorrega e cai na piscina da casa, causando morte s\u00fabita ao beb\u00ea. Por sua parte, Almerinda decide mandar a Dami\u00e3o para fora do povoado a estudar para separ\u00e1-lo de Elisa de quem \u00e9 muito amigo, amizade que ela n\u00e3o v\u00ea com bons olhos, ap\u00f3s inocentemente os dois fugirem juntos.<\/p>\n","protected":false},"excerpt":{"rendered":"<p>Resumo da novela \u201cAbismo de Paix\u00e3o\u201d&nbsp; em 03\/09: no cap\u00edtulo 007(*) da novela, ter\u00e7a-feira, 03 de setembro, num ambiente desolador, cheio de l\u00e1grimas e tristeza acontecem os dois vel\u00f3rios, por um lado o de Rog\u00e9rio, enquanto no pante\u00e3o enterram Estef\u00e2nia. Gael acompanha Dami\u00e3o, enquanto Paloma e sua av\u00f3 assistem a cerim\u00f4nia para dar seu apoio [&hellip;]<\/p>\n","protected":false},"author":4,"featured_media":181126,"comment_status":"open","ping_status":"closed","sticky":false,"template":"","format":"standard","meta":{"tdm_status":"","tdm_grid_status":"","footnotes":""},"categories":[379,372,343],"tags":[441],"class_list":{"0":"post-181416","1":"post","2":"type-post","3":"status-publish","4":"format-standard","5":"has-post-thumbnail","7":"category-novelas","8":"category-sbt","9":"category-televisao","10":"tag-resumo-do-dia"},"_links":{"self":[{"href":"https:\/\/migracao.redenoticia.com.br\/noticia\/wp-json\/wp\/v2\/posts\/181416","targetHints":{"allow":["GET"]}}],"collection":[{"href":"https:\/\/migracao.redenoticia.com.br\/noticia\/wp-json\/wp\/v2\/posts"}],"about":[{"href":"https:\/\/migracao.redenoticia.com.br\/noticia\/wp-json\/wp\/v2\/types\/post"}],"author":[{"embeddable":true,"href":"https:\/\/migracao.redenoticia.com.br\/noticia\/wp-json\/wp\/v2\/users\/4"}],"replies":[{"embeddable":true,"href":"https:\/\/migracao.redenoticia.com.br\/noticia\/wp-json\/wp\/v2\/comments?post=181416"}],"version-history":[{"count":0,"href":"https:\/\/migracao.redenoticia.com.br\/noticia\/wp-json\/wp\/v2\/posts\/181416\/revisions"}],"wp:featuredmedia":[{"embeddable":true,"href":"https:\/\/migracao.redenoticia.com.br\/noticia\/wp-json\/wp\/v2\/media\/181126"}],"wp:attachment":[{"href":"https:\/\/migracao.redenoticia.com.br\/noticia\/wp-json\/wp\/v2\/media?parent=181416"}],"wp:term":[{"taxonomy":"category","embeddable":true,"href":"https:\/\/migracao.redenoticia.com.br\/noticia\/wp-json\/wp\/v2\/categories?post=181416"},{"taxonomy":"post_tag","embeddable":true,"href":"https:\/\/migracao.redenoticia.com.br\/noticia\/wp-json\/wp\/v2\/tags?post=181416"}],"curies":[{"name":"wp","href":"https:\/\/api.w.org\/{rel}","templated":true}]}}