{"id":181419,"date":"2019-09-02T14:34:16","date_gmt":"2019-09-02T17:34:16","guid":{"rendered":"https:\/\/www.redenoticia.com.br\/noticia\/?p=181419"},"modified":"2019-09-02T14:34:20","modified_gmt":"2019-09-02T17:34:20","slug":"resumo-novela-a-que-nao-podia-amar-03-09-rogerio-corre-risco-de-vida","status":"publish","type":"post","link":"https:\/\/migracao.redenoticia.com.br\/noticia\/2019\/resumo-novela-a-que-nao-podia-amar-03-09-rogerio-corre-risco-de-vida\/181419","title":{"rendered":"Resumo novela \u201cA Que N\u00e3o Podia Amar\u201d 03\/09: Rog\u00e9rio corre risco de vida"},"content":{"rendered":"<p><strong><em><img loading=\"lazy\" decoding=\"async\" class=\"aligncenter size-large wp-image-173635\" src=\"https:\/\/migracao.redenoticia.com.br\/noticia\/imagens\/a-que-nao-podia-amar-400x271.jpg\" alt=\"\" width=\"400\" height=\"271\" srcset=\"https:\/\/migracao.redenoticia.com.br\/noticia\/imagens\/a-que-nao-podia-amar-400x271.jpg 400w, https:\/\/migracao.redenoticia.com.br\/noticia\/imagens\/a-que-nao-podia-amar-250x169.jpg 250w, https:\/\/migracao.redenoticia.com.br\/noticia\/imagens\/a-que-nao-podia-amar-560x379.jpg 560w, https:\/\/migracao.redenoticia.com.br\/noticia\/imagens\/a-que-nao-podia-amar.jpg 620w\" sizes=\"auto, (max-width: 400px) 100vw, 400px\" \/><\/em><\/strong><\/p>\n<p>Resumo da novela<strong><em> \u201cA Que N\u00e3o Podia Amar\u201d&nbsp;<\/em><\/strong> em 03\/09: no cap\u00edtulo 107(*) da novela, ter\u00e7a-feira, 03 de setembro, mais tarde, Ernesto faz alguns testes de reflexo em Rog\u00e9rio e o fazendeiro n\u00e3o sente nada. Vanessa confessa a C\u00edntia que deseja que Rog\u00e9rio volte a caminhar, mesmo que n\u00e3o esteja com ele. Gustavo diz a Elias que precisa que ele supervisione a constru\u00e7\u00e3o do po\u00e7o quando ele estiver ausente. Rog\u00e9rio sente algo durante um dos testes de Ernesto e se anima. C\u00edntia revela a Vanessa que deixou de se cuidar desde que se casou com Gustavo e que quer ter um filho com ele para manter o casamento. Rog\u00e9rio continua reagindo a alguns testes de Ernesto. O m\u00e9dico explica que ele est\u00e1 com maior sensibilidade nas pernas, mas que isso n\u00e3o \u00e9 definitivo nem assegura que ele tenha recuperado os movimentos. Ana Paula e o marido se enchem de esperan\u00e7a.<\/p>\n<p>Vanessa tenta alertar C\u00edntia a ter cuidado com o plano de ficar gr\u00e1vida. Mercedes vai \u00e0 capital para comprar seu vestido de noiva e aproveita para visitar Ernesto. Ana Paula conversa com Maria por telefone e conta que os primeiros resultados da cirurgia s\u00e3o animadores. Rosaura fica sabendo, por Marquinho, que Gustavo foi deixado como o \u201ctutor\u201d da heran\u00e7a de Rog\u00e9rio. Aproveitando que Rog\u00e9rio est\u00e1 sozinho no quarto e dormindo, Bruno, como vingan\u00e7a, administra uma forte dose de um medicamento para que o fazendeiro morra. Rosaura telefona para Bruno para alert\u00e1-lo que n\u00e3o lhes conv\u00e9m que Rog\u00e9rio morra, pois se ele morrer, Gustavo ser\u00e1 o tutor da heran\u00e7a. Rosaura diz para Bruno encontrar uma maneira de salvar Rog\u00e9rio, mas o advogado retruca que n\u00e3o ir\u00e1 se arriscar.<\/p>\n<p>Ana Paula entra no quarto e percebe que Rog\u00e9rio n\u00e3o est\u00e1 bem. Ela chama por socorro. Rog\u00e9rio come\u00e7a a ficar muito mal, perde o pulso e sua respira\u00e7\u00e3o diminui. Ernesto o socorre, pede a Ana Paula que espere do lado de fora do quarto, ela se preocupa. Bruno encontra Ana Paula chorando nervosa. C\u00ednico, o advogado finge que n\u00e3o sabe de nada e tenta tranquiliz\u00e1-la. Elias acusa Gustavo de estar na fazenda apenas por causa de Ana Paula. Ernesto informa Ana Paula e Bruno que Rog\u00e9rio est\u00e1 correndo risco de vida. Enquanto isso na fazenda, ao saber que Gustavo \u00e9 o tutor da heran\u00e7a de Rog\u00e9rio, Rosaura tenta se reconciliar com o engenheiro e pede perd\u00e3o por tudo o que fez.<\/p>\n<p>Ernesto diz a Ana Paula que Rog\u00e9rio teve uma rea\u00e7\u00e3o al\u00e9rgica ao medicamento. Rosaura aproveita a oportunidade para dizer que talvez Gustavo tenha raz\u00e3o em desconfiar que Bruno tenha mandado bater nele. Mercedes informa a Gustavo que Rog\u00e9rio est\u00e1 mal e foi internado na UTI. Consuelo atende o telefone da venda e a liga\u00e7\u00e3o est\u00e1 ruim, mas ela pensa ter ouvido a voz de M\u00e1rcia.<\/p>\n<p>(*) edi\u00e7\u00e3o do SBT, Novela \u201cA Que N\u00e3o Podia Amar\u201d, sujeito a altera\u00e7\u00e3o de data e conte\u00fado.<\/p>\n<p>Destaques<\/p>\n<p>&#8220;A Que N\u00e3o Podia Amar&#8221;- Ana Paula, uma enfermeira humilde que se v\u00ea obrigada a trabalhar na casa de Rog\u00e9rio Montero (Jorge Salinas), um homem amargurado. Rog\u00e9rio sofre por ser parapl\u00e9gico e destrata todas as pessoas. Ana Paula atura tudo calada e o rica\u00e7o se apaixona por ela.<\/p>\n<p>Ana conhece Gustavo Duran (Jos\u00e9 Ron), um engenheiro nobre e trabalhador. Os dois se apaixonam, mas ter\u00e3o de enfrentar Rog\u00e9rio, j\u00e1 que ele tamb\u00e9m gosta da mocinha, formando assim, um tri\u00e2ngulo amoroso com terr\u00edveis consequ\u00eancias.<\/p>\n","protected":false},"excerpt":{"rendered":"<p>Resumo da novela \u201cA Que N\u00e3o Podia Amar\u201d&nbsp; em 03\/09: no cap\u00edtulo 107(*) da novela, ter\u00e7a-feira, 03 de setembro, mais tarde, Ernesto faz alguns testes de reflexo em Rog\u00e9rio e o fazendeiro n\u00e3o sente nada. Vanessa confessa a C\u00edntia que deseja que Rog\u00e9rio volte a caminhar, mesmo que n\u00e3o esteja com ele. Gustavo diz a [&hellip;]<\/p>\n","protected":false},"author":4,"featured_media":173627,"comment_status":"open","ping_status":"closed","sticky":false,"template":"","format":"standard","meta":{"tdm_status":"","tdm_grid_status":"","footnotes":""},"categories":[379,372,343],"tags":[441],"class_list":{"0":"post-181419","1":"post","2":"type-post","3":"status-publish","4":"format-standard","5":"has-post-thumbnail","7":"category-novelas","8":"category-sbt","9":"category-televisao","10":"tag-resumo-do-dia"},"_links":{"self":[{"href":"https:\/\/migracao.redenoticia.com.br\/noticia\/wp-json\/wp\/v2\/posts\/181419","targetHints":{"allow":["GET"]}}],"collection":[{"href":"https:\/\/migracao.redenoticia.com.br\/noticia\/wp-json\/wp\/v2\/posts"}],"about":[{"href":"https:\/\/migracao.redenoticia.com.br\/noticia\/wp-json\/wp\/v2\/types\/post"}],"author":[{"embeddable":true,"href":"https:\/\/migracao.redenoticia.com.br\/noticia\/wp-json\/wp\/v2\/users\/4"}],"replies":[{"embeddable":true,"href":"https:\/\/migracao.redenoticia.com.br\/noticia\/wp-json\/wp\/v2\/comments?post=181419"}],"version-history":[{"count":0,"href":"https:\/\/migracao.redenoticia.com.br\/noticia\/wp-json\/wp\/v2\/posts\/181419\/revisions"}],"wp:featuredmedia":[{"embeddable":true,"href":"https:\/\/migracao.redenoticia.com.br\/noticia\/wp-json\/wp\/v2\/media\/173627"}],"wp:attachment":[{"href":"https:\/\/migracao.redenoticia.com.br\/noticia\/wp-json\/wp\/v2\/media?parent=181419"}],"wp:term":[{"taxonomy":"category","embeddable":true,"href":"https:\/\/migracao.redenoticia.com.br\/noticia\/wp-json\/wp\/v2\/categories?post=181419"},{"taxonomy":"post_tag","embeddable":true,"href":"https:\/\/migracao.redenoticia.com.br\/noticia\/wp-json\/wp\/v2\/tags?post=181419"}],"curies":[{"name":"wp","href":"https:\/\/api.w.org\/{rel}","templated":true}]}}