{"id":181421,"date":"2019-09-02T14:37:11","date_gmt":"2019-09-02T17:37:11","guid":{"rendered":"https:\/\/www.redenoticia.com.br\/noticia\/?p=181421"},"modified":"2019-09-02T14:37:15","modified_gmt":"2019-09-02T17:37:15","slug":"resumo-novela-as-aventuras-de-poliana-03-09-poliana-descobre-que-tinha-uma-meia-irma","status":"publish","type":"post","link":"https:\/\/migracao.redenoticia.com.br\/noticia\/2019\/resumo-novela-as-aventuras-de-poliana-03-09-poliana-descobre-que-tinha-uma-meia-irma\/181421","title":{"rendered":"Resumo novela \u201cAs Aventuras de Poliana\u201d 03\/09: Poliana descobre que tinha uma meia irm\u00e3"},"content":{"rendered":"<p><strong><em><img loading=\"lazy\" decoding=\"async\" class=\"aligncenter size-large wp-image-148662\" src=\"https:\/\/migracao.redenoticia.com.br\/noticia\/imagens\/as-aventuras-de-poliana-novela-400x267.jpg\" alt=\"\" width=\"400\" height=\"267\" srcset=\"https:\/\/migracao.redenoticia.com.br\/noticia\/imagens\/as-aventuras-de-poliana-novela-400x267.jpg 400w, https:\/\/migracao.redenoticia.com.br\/noticia\/imagens\/as-aventuras-de-poliana-novela-250x167.jpg 250w, https:\/\/migracao.redenoticia.com.br\/noticia\/imagens\/as-aventuras-de-poliana-novela-150x100.jpg 150w, https:\/\/migracao.redenoticia.com.br\/noticia\/imagens\/as-aventuras-de-poliana-novela.jpg 600w\" sizes=\"auto, (max-width: 400px) 100vw, 400px\" \/>Resumo novela \u201cAs Aventuras de Poliana\u201d 03\/09<\/em><\/strong>: no cap\u00edtulo 340(*) da novela, resumo de ter\u00e7a-feira, 03 de setembro, Poliana compartilha sua descoberta com seus amigos. Em frente a toda imprensa, Nadine compartilha sua hist\u00f3ria de vingan\u00e7a e conta o que a motivou. Preocupados, Durval e Claudia procuram as crian\u00e7as do Clubinho. Pendleton conversa com Nadine e conta sua vers\u00e3o da hist\u00f3ria com Vitor Corr\u00eaa. Feij\u00e3o ajuda as crian\u00e7as a sa\u00edrem do esconderijo. O Campo de F\u00e9rias chega ao fim e todos voltam para a cidade. Para alavancar a carreira Lindomar passa por uma transforma\u00e7\u00e3o em seu visual. Marcelo fica chateado por Luisa ter escondido dele o segredo de OTTO.<\/p>\n<p>Inconformado com a revela\u00e7\u00e3o de Pendleton, Roger planeja uma vingan\u00e7a. Mirela conta a av\u00f3 que voltou com Luca. Jeff n\u00e3o se conforma com a resposta de Pendleton e decide continuar investigando. As crian\u00e7as do Clubinho ficam intrigadas com a pessoa que viram no laborat\u00f3rio. Pendleton n\u00e3o consegue encontrar Ester. Ap\u00f3s revelar a Poliana que sua irm\u00e3 foi casada com Pendleton, Luisa diz que a filha que Sr. P perdeu era meia irm\u00e3 da menina. Pendleton descobre que as crian\u00e7as do Clubinho invadiram seu esconderijo.<\/p>\n<p>(*) edi\u00e7\u00e3o do SBT, Novela \u201cAs Aventuras de Poliana\u201d, sujeito a altera\u00e7\u00e3o de data e conte\u00fado.<\/p>\n<p>Poliana \u00e9 uma menina extrovertida e de bom cora\u00e7\u00e3o que viajava o Brasil com seus pais, Lorenzo e Alice, no grupo circense Trupe Vagalume. Aos onze anos a garota v\u00ea seu mundo desabar quando seus pais falecem e ela tem que ir morar em S\u00e3o Paulo com sua tia Lu\u00edsa, uma mulher rica e severa, a qual ela n\u00e3o conhecia e que n\u00e3o queria cuidar dela, embora sinta que \u00e9 sua obriga\u00e7\u00e3o pela alma de sua irm\u00e3. Apesar do jeito da rigidez da tia, Poliana decide ter uma vis\u00e3o positiva e inabal\u00e1vel da vida, mesmo nos momentos de dificuldade, tentando levar um pouco de felicidade para a vida de cada um dos seus novos amigos e vizinhos, como o Sr. Pendleton, um homem rico e infeliz por nunca ter tido filhos. Ela vai estudar no col\u00e9gio de Ruth, uma diretora de bom cora\u00e7\u00e3o que a ajuda a se adaptar, mas tem que lidar com as vilanias de Mirela, garota mais velha que n\u00e3o aceita perder a popularidade para uma novata.<\/p>\n","protected":false},"excerpt":{"rendered":"<p>Resumo novela \u201cAs Aventuras de Poliana\u201d 03\/09: no cap\u00edtulo 340(*) da novela, resumo de ter\u00e7a-feira, 03 de setembro, Poliana compartilha sua descoberta com seus amigos. Em frente a toda imprensa, Nadine compartilha sua hist\u00f3ria de vingan\u00e7a e conta o que a motivou. Preocupados, Durval e Claudia procuram as crian\u00e7as do Clubinho. Pendleton conversa com Nadine [&hellip;]<\/p>\n","protected":false},"author":4,"featured_media":148663,"comment_status":"open","ping_status":"closed","sticky":false,"template":"","format":"standard","meta":{"tdm_status":"","tdm_grid_status":"","footnotes":""},"categories":[477,379,372,343],"tags":[441],"class_list":{"0":"post-181421","1":"post","2":"type-post","3":"status-publish","4":"format-standard","5":"has-post-thumbnail","7":"category-as-aventuras-de-poliana","8":"category-novelas","9":"category-sbt","10":"category-televisao","11":"tag-resumo-do-dia"},"_links":{"self":[{"href":"https:\/\/migracao.redenoticia.com.br\/noticia\/wp-json\/wp\/v2\/posts\/181421","targetHints":{"allow":["GET"]}}],"collection":[{"href":"https:\/\/migracao.redenoticia.com.br\/noticia\/wp-json\/wp\/v2\/posts"}],"about":[{"href":"https:\/\/migracao.redenoticia.com.br\/noticia\/wp-json\/wp\/v2\/types\/post"}],"author":[{"embeddable":true,"href":"https:\/\/migracao.redenoticia.com.br\/noticia\/wp-json\/wp\/v2\/users\/4"}],"replies":[{"embeddable":true,"href":"https:\/\/migracao.redenoticia.com.br\/noticia\/wp-json\/wp\/v2\/comments?post=181421"}],"version-history":[{"count":0,"href":"https:\/\/migracao.redenoticia.com.br\/noticia\/wp-json\/wp\/v2\/posts\/181421\/revisions"}],"wp:featuredmedia":[{"embeddable":true,"href":"https:\/\/migracao.redenoticia.com.br\/noticia\/wp-json\/wp\/v2\/media\/148663"}],"wp:attachment":[{"href":"https:\/\/migracao.redenoticia.com.br\/noticia\/wp-json\/wp\/v2\/media?parent=181421"}],"wp:term":[{"taxonomy":"category","embeddable":true,"href":"https:\/\/migracao.redenoticia.com.br\/noticia\/wp-json\/wp\/v2\/categories?post=181421"},{"taxonomy":"post_tag","embeddable":true,"href":"https:\/\/migracao.redenoticia.com.br\/noticia\/wp-json\/wp\/v2\/tags?post=181421"}],"curies":[{"name":"wp","href":"https:\/\/api.w.org\/{rel}","templated":true}]}}