{"id":181442,"date":"2019-09-12T22:34:56","date_gmt":"2019-09-13T01:34:56","guid":{"rendered":"https:\/\/www.redenoticia.com.br\/noticia\/?p=181442"},"modified":"2019-09-12T23:19:31","modified_gmt":"2019-09-13T02:19:31","slug":"novela-a-dona-do-pedaco-maria-encoraja-rock-a-lutar-por-joana","status":"publish","type":"post","link":"https:\/\/migracao.redenoticia.com.br\/noticia\/2019\/novela-a-dona-do-pedaco-maria-encoraja-rock-a-lutar-por-joana\/181442","title":{"rendered":"Novela \u201cA Dona do Peda\u00e7o\u201d: Maria encoraja Rock a lutar por Joana"},"content":{"rendered":"<p><img loading=\"lazy\" decoding=\"async\" class=\"aligncenter size-large wp-image-177654\" src=\"https:\/\/migracao.redenoticia.com.br\/noticia\/imagens\/A-Dona-do-Pedaco-globo-09-299x300.jpg\" alt=\"\" width=\"299\" height=\"300\" srcset=\"https:\/\/migracao.redenoticia.com.br\/noticia\/imagens\/A-Dona-do-Pedaco-globo-09-299x300.jpg 299w, https:\/\/migracao.redenoticia.com.br\/noticia\/imagens\/A-Dona-do-Pedaco-globo-09-186x187.jpg 186w, https:\/\/migracao.redenoticia.com.br\/noticia\/imagens\/A-Dona-do-Pedaco-globo-09.jpg 600w\" sizes=\"auto, (max-width: 299px) 100vw, 299px\" \/><\/p>\n<p><strong><em>Novela &#8220;A Dona do Peda\u00e7o\u201d:<\/em><\/strong> Rock (Caio Castro) convida Joana (Bruna Ham\u00fa) para sair e ela recusa o convite. Rock conta para Maria da Paz (Juliana Paes): \u201cGostei da mina, falei que a gente podia se encontrar&#8230; mas ela disse que n\u00e3o quer nada. J\u00e1 foi direta e reta. T\u00e1 legal, n\u00e3o quer n\u00e3o quer, n\u00e3o vou for\u00e7ar. Sou mais eu\u201d. Maria desconfia: \u201cRock, c\u00ea j\u00e1 contou a hist\u00f3ria desse encontro umas tr\u00eas, quatro vezes, t\u00e1 dif\u00edcil de engolir, n\u00e3o \u00e9? &#8230; A Joana n\u00e3o \u00e9 das que mente, n\u00e3o se faz de dif\u00edcil. Se ela diz que n\u00e3o quer se encontrar com o Rock, tem algum motivo. Pode ser casada\u201d<\/p>\n<p>Rock diz que ela \u00e9 solteira e Maria encoraja o lutador: \u201cRock, gostou dela, de verdade? &#8230; Insiste &#8230; Eu fa\u00e7o os dois se encontrarem. Vai dar certo, Rock, eu sinto aqui no meu cora\u00e7\u00e3o que vai ser como \u00e9 mesmo que c\u00ea diz&#8230; m\u00f3 legal\u201d. Cena prevista para setembro na novela \u201cA Dona do Peda\u00e7o\u201d.<\/p>\n<p>Sinopse \u201cA Dona do Peda\u00e7o\u201d: a novela enaltece a trajet\u00f3ria de Maria da Paz (Juliana Paes), uma jovem humilde, da cidade fict\u00edcia de Rio Vermelho, no Esp\u00edrito Santo. Maria vem de uma fam\u00edlia de justiceiros profissionais, os Ramirez, e se apaixona justamente por Amadeu (Marcos Palmeira), advogado formado em Vit\u00f3ria e membro do cl\u00e3 rival nos neg\u00f3cios, os Matheus. A trama, dividida em um pr\u00f3logo e duas fases, traz uma hist\u00f3ria de amor com elementos \u00e0 Romeu e Julieta, sem perder o humor, que permeia todo o folhetim.<\/p>\n","protected":false},"excerpt":{"rendered":"<p>Novela &#8220;A Dona do Peda\u00e7o\u201d: Rock (Caio Castro) convida Joana (Bruna Ham\u00fa) para sair e ela recusa o convite. Rock conta para Maria da Paz (Juliana Paes): \u201cGostei da mina, falei que a gente podia se encontrar&#8230; mas ela disse que n\u00e3o quer nada. J\u00e1 foi direta e reta. T\u00e1 legal, n\u00e3o quer n\u00e3o quer, [&hellip;]<\/p>\n","protected":false},"author":2,"featured_media":178249,"comment_status":"open","ping_status":"closed","sticky":false,"template":"","format":"standard","meta":{"tdm_status":"","tdm_grid_status":"","footnotes":""},"categories":[543,379,375,343],"tags":[440],"class_list":{"0":"post-181442","1":"post","2":"type-post","3":"status-publish","4":"format-standard","5":"has-post-thumbnail","7":"category-a-dona-do-pedaco","8":"category-novelas","9":"category-rede-globo","10":"category-televisao","11":"tag-noticia-novela"},"_links":{"self":[{"href":"https:\/\/migracao.redenoticia.com.br\/noticia\/wp-json\/wp\/v2\/posts\/181442","targetHints":{"allow":["GET"]}}],"collection":[{"href":"https:\/\/migracao.redenoticia.com.br\/noticia\/wp-json\/wp\/v2\/posts"}],"about":[{"href":"https:\/\/migracao.redenoticia.com.br\/noticia\/wp-json\/wp\/v2\/types\/post"}],"author":[{"embeddable":true,"href":"https:\/\/migracao.redenoticia.com.br\/noticia\/wp-json\/wp\/v2\/users\/2"}],"replies":[{"embeddable":true,"href":"https:\/\/migracao.redenoticia.com.br\/noticia\/wp-json\/wp\/v2\/comments?post=181442"}],"version-history":[{"count":0,"href":"https:\/\/migracao.redenoticia.com.br\/noticia\/wp-json\/wp\/v2\/posts\/181442\/revisions"}],"wp:featuredmedia":[{"embeddable":true,"href":"https:\/\/migracao.redenoticia.com.br\/noticia\/wp-json\/wp\/v2\/media\/178249"}],"wp:attachment":[{"href":"https:\/\/migracao.redenoticia.com.br\/noticia\/wp-json\/wp\/v2\/media?parent=181442"}],"wp:term":[{"taxonomy":"category","embeddable":true,"href":"https:\/\/migracao.redenoticia.com.br\/noticia\/wp-json\/wp\/v2\/categories?post=181442"},{"taxonomy":"post_tag","embeddable":true,"href":"https:\/\/migracao.redenoticia.com.br\/noticia\/wp-json\/wp\/v2\/tags?post=181442"}],"curies":[{"name":"wp","href":"https:\/\/api.w.org\/{rel}","templated":true}]}}