{"id":181463,"date":"2019-09-03T13:46:18","date_gmt":"2019-09-03T16:46:18","guid":{"rendered":"https:\/\/www.redenoticia.com.br\/noticia\/?p=181463"},"modified":"2019-09-03T13:46:24","modified_gmt":"2019-09-03T16:46:24","slug":"resumo-novela-a-que-nao-podia-amar-04-09-bruno-tenta-acertar-as-diferencas-com-gustavo","status":"publish","type":"post","link":"https:\/\/migracao.redenoticia.com.br\/noticia\/2019\/resumo-novela-a-que-nao-podia-amar-04-09-bruno-tenta-acertar-as-diferencas-com-gustavo\/181463","title":{"rendered":"Resumo novela \u201cA Que N\u00e3o Podia Amar\u201d 04\/09: Bruno tenta acertar as diferen\u00e7as com Gustavo"},"content":{"rendered":"<p><strong><em><img loading=\"lazy\" decoding=\"async\" class=\"aligncenter size-large wp-image-173635\" src=\"https:\/\/migracao.redenoticia.com.br\/noticia\/imagens\/a-que-nao-podia-amar-400x271.jpg\" alt=\"\" width=\"400\" height=\"271\" srcset=\"https:\/\/migracao.redenoticia.com.br\/noticia\/imagens\/a-que-nao-podia-amar-400x271.jpg 400w, https:\/\/migracao.redenoticia.com.br\/noticia\/imagens\/a-que-nao-podia-amar-250x169.jpg 250w, https:\/\/migracao.redenoticia.com.br\/noticia\/imagens\/a-que-nao-podia-amar-560x379.jpg 560w, https:\/\/migracao.redenoticia.com.br\/noticia\/imagens\/a-que-nao-podia-amar.jpg 620w\" sizes=\"auto, (max-width: 400px) 100vw, 400px\" \/><\/em><\/strong><\/p>\n<p>Resumo da novela<strong><em> \u201cA Que N\u00e3o Podia Amar\u201d&nbsp;<\/em><\/strong> em 04\/09: no cap\u00edtulo 108(*) da novela, quarta-feira, 04 de setembro, Gustavo informa a todos sobre o estado de sa\u00fade de Rog\u00e9rio. De forma c\u00ednica, Bruno comenta com Ana Paula que cedo ou tarde todos s\u00e3o cobrados pela vida, ela se surpreende, mas o advogado d\u00e1 um jeito de reverter o que disse. Rosaura visita Dany e Miguel para contar que Rog\u00e9rio est\u00e1 mal. C\u00edntia e Vanessa v\u00e3o para a capital acompanhar de perto o estado do fazendeiro. Ana Paula permite que Vanessa visite Rog\u00e9rio. O fazendeiro desperta e Vanessa se declara para ele. Em seguida, a mo\u00e7a avisa Ana Paula que Rog\u00e9rio reagiu e quer v\u00ea-la. Com l\u00e1grimas nos olhos, Maria pergunta a Gustavo se est\u00e1 disposto a se divorciar de C\u00edntia caso Rog\u00e9rio n\u00e3o sobreviva, este fica pensativo.<\/p>\n<p>Maria suplica que Gustavo n\u00e3o se separe de C\u00edntia. O engenheiro responde que ela n\u00e3o deve pensar nisso e que os dois devem esperar e torcer para Rog\u00e9rio se recuperar. Gustavo ainda deixa claro que j\u00e1 aceitou que perdeu Ana Paula. Enquanto isso no hospital, Ana Paula chora emocionada ao falar com Rog\u00e9rio. C\u00edntia conversa com Maria e revela que Rog\u00e9rio reagiu. Em seguida, a mo\u00e7a fala com Gustavo e conta que ficar\u00e1 mais um tempo acompanhando o estado do irm\u00e3o. Maria chora ao saber que Rog\u00e9rio est\u00e1 melhor.<\/p>\n<p>Chateada, Vanessa confessa para C\u00edntia que est\u00e1 muito feliz por Rog\u00e9rio estar fora de perigo, mas revela que sente que desta vez o perdeu para sempre. Ansioso, Rog\u00e9rio pergunta a Ernesto quando poder\u00e1 andar. O m\u00e9dico responde que por enquanto ele deve se tranquilizar por ter reagido, pois esteve a ponto de morrer. C\u00edntia tenta animar Vanessa e, em seguida, revela para a amiga que odeia Maria por t\u00ea-la abandonado e colocado no mesmo n\u00edvel que Ana Paula. Rog\u00e9rio \u00e9 transferido de volta para o quarto. Ele continua ansioso para saber se poder\u00e1 caminhar e sua esposa tenta acalm\u00e1-lo. Enquanto isso, Ernesto entrega um anel de noivado para Mercedes.<\/p>\n<p>Ana Paula diz a Rog\u00e9rio que \u00e9 um milagre que ele esteja vivo, ele desesperado responde que n\u00e3o ficar\u00e1 tranquilo at\u00e9 que possa caminhar, pois n\u00e3o aguenta essa incerteza. Ana Paula liga para Ernesto para explicar a situa\u00e7\u00e3o de Rog\u00e9rio e o m\u00e9dico decide visitar seu paciente. Mercedes se estressa que o encontro dos dois tenha sido interrompido. Rog\u00e9rio repreende C\u00edntia por ter deixado a fazenda nas m\u00e3os de Gustavo, pois ela \u00e9 a respons\u00e1vel por tudo o que acontece l\u00e1. Ernesto sugere a Mercedes que os dois se casem na capela do hospital. Rosaura e Bruno comemoram que Rog\u00e9rio tenha sobrevivido, pois n\u00e3o seria nada conveniente que ele morresse neste momento. A tia de Miguel conta ao advogado que pediu perd\u00e3o a Gustavo e o aconselha a fazer o mesmo.<\/p>\n<p>Ana Paula pede a Vanessa e C\u00edntia que n\u00e3o questionem Rog\u00e9rio sobre quando voltar\u00e1 a andar. A esposa do fazendeiro ainda pede a Vanessa para ir embora do hospital, j\u00e1 que Rog\u00e9rio est\u00e1 fora de perigo, mas a filha de Elza se recusa a ir at\u00e9 que ele possa caminhar. Contudo, Ana Paula \u00e9 firme ao n\u00e3o permitir que Vanessa continue no local, j\u00e1 que sabe suas reais inten\u00e7\u00f5es. Seguindo o conselho de Rosaura, Bruno tenta acertar as diferen\u00e7as com Gustavo. Os dois s\u00e3o interrompidos por Mercedes que liga para o irm\u00e3o para contar que vai se casar.<\/p>\n<p>No hospital, Rog\u00e9rio pressiona Ernesto para lhe dar uma data de quando poder\u00e1 saber se ir\u00e1 andar. O m\u00e9dico explica que as coisas n\u00e3o funcionam assim e o aconselha a ser paciente. Ernesto comunica que no dia seguinte v\u00e3o iniciar a terapia. Bruno se oferece para ficar na frente da fazenda por dois dias, enquanto Gustavo vai para a capital assistir o casamento de sua irm\u00e3. O engenheiro \u00e9 relutante em aceitar a proposta. Consuelo conta a Rosa sobre o telefonema de M\u00e1rcia. As duas pensam que o melhor seria Ulisses conversar com a esposa.<\/p>\n<p>(*) edi\u00e7\u00e3o do SBT, Novela \u201cA Que N\u00e3o Podia Amar\u201d, sujeito a altera\u00e7\u00e3o de data e conte\u00fado.<\/p>\n<p>Destaques<\/p>\n<p>&#8220;A Que N\u00e3o Podia Amar&#8221;- Ana Paula, uma enfermeira humilde que se v\u00ea obrigada a trabalhar na casa de Rog\u00e9rio Montero (Jorge Salinas), um homem amargurado. Rog\u00e9rio sofre por ser parapl\u00e9gico e destrata todas as pessoas. Ana Paula atura tudo calada e o rica\u00e7o se apaixona por ela.<\/p>\n<p>Ana conhece Gustavo Duran (Jos\u00e9 Ron), um engenheiro nobre e trabalhador. Os dois se apaixonam, mas ter\u00e3o de enfrentar Rog\u00e9rio, j\u00e1 que ele tamb\u00e9m gosta da mocinha, formando assim, um tri\u00e2ngulo amoroso com terr\u00edveis consequ\u00eancias.<\/p>\n","protected":false},"excerpt":{"rendered":"<p>Resumo da novela \u201cA Que N\u00e3o Podia Amar\u201d&nbsp; em 04\/09: no cap\u00edtulo 108(*) da novela, quarta-feira, 04 de setembro, Gustavo informa a todos sobre o estado de sa\u00fade de Rog\u00e9rio. De forma c\u00ednica, Bruno comenta com Ana Paula que cedo ou tarde todos s\u00e3o cobrados pela vida, ela se surpreende, mas o advogado d\u00e1 um [&hellip;]<\/p>\n","protected":false},"author":4,"featured_media":173627,"comment_status":"open","ping_status":"closed","sticky":false,"template":"","format":"standard","meta":{"tdm_status":"","tdm_grid_status":"","footnotes":""},"categories":[379,372,343],"tags":[441],"class_list":{"0":"post-181463","1":"post","2":"type-post","3":"status-publish","4":"format-standard","5":"has-post-thumbnail","7":"category-novelas","8":"category-sbt","9":"category-televisao","10":"tag-resumo-do-dia"},"_links":{"self":[{"href":"https:\/\/migracao.redenoticia.com.br\/noticia\/wp-json\/wp\/v2\/posts\/181463","targetHints":{"allow":["GET"]}}],"collection":[{"href":"https:\/\/migracao.redenoticia.com.br\/noticia\/wp-json\/wp\/v2\/posts"}],"about":[{"href":"https:\/\/migracao.redenoticia.com.br\/noticia\/wp-json\/wp\/v2\/types\/post"}],"author":[{"embeddable":true,"href":"https:\/\/migracao.redenoticia.com.br\/noticia\/wp-json\/wp\/v2\/users\/4"}],"replies":[{"embeddable":true,"href":"https:\/\/migracao.redenoticia.com.br\/noticia\/wp-json\/wp\/v2\/comments?post=181463"}],"version-history":[{"count":0,"href":"https:\/\/migracao.redenoticia.com.br\/noticia\/wp-json\/wp\/v2\/posts\/181463\/revisions"}],"wp:featuredmedia":[{"embeddable":true,"href":"https:\/\/migracao.redenoticia.com.br\/noticia\/wp-json\/wp\/v2\/media\/173627"}],"wp:attachment":[{"href":"https:\/\/migracao.redenoticia.com.br\/noticia\/wp-json\/wp\/v2\/media?parent=181463"}],"wp:term":[{"taxonomy":"category","embeddable":true,"href":"https:\/\/migracao.redenoticia.com.br\/noticia\/wp-json\/wp\/v2\/categories?post=181463"},{"taxonomy":"post_tag","embeddable":true,"href":"https:\/\/migracao.redenoticia.com.br\/noticia\/wp-json\/wp\/v2\/tags?post=181463"}],"curies":[{"name":"wp","href":"https:\/\/api.w.org\/{rel}","templated":true}]}}