{"id":181465,"date":"2019-09-03T13:47:21","date_gmt":"2019-09-03T16:47:21","guid":{"rendered":"https:\/\/www.redenoticia.com.br\/noticia\/?p=181465"},"modified":"2019-09-03T13:47:27","modified_gmt":"2019-09-03T16:47:27","slug":"resumo-novela-as-aventuras-de-poliana-04-09-luisa-entrega-a-poliana-carta-escrita-por-sua-mae","status":"publish","type":"post","link":"https:\/\/migracao.redenoticia.com.br\/noticia\/2019\/resumo-novela-as-aventuras-de-poliana-04-09-luisa-entrega-a-poliana-carta-escrita-por-sua-mae\/181465","title":{"rendered":"Resumo novela \u201cAs Aventuras de Poliana\u201d 04\/09: Luisa entrega a Poliana carta escrita por sua m\u00e3e"},"content":{"rendered":"<p><strong><em><img loading=\"lazy\" decoding=\"async\" class=\"aligncenter size-large wp-image-148662\" src=\"https:\/\/migracao.redenoticia.com.br\/noticia\/imagens\/as-aventuras-de-poliana-novela-400x267.jpg\" alt=\"\" width=\"400\" height=\"267\" srcset=\"https:\/\/migracao.redenoticia.com.br\/noticia\/imagens\/as-aventuras-de-poliana-novela-400x267.jpg 400w, https:\/\/migracao.redenoticia.com.br\/noticia\/imagens\/as-aventuras-de-poliana-novela-250x167.jpg 250w, https:\/\/migracao.redenoticia.com.br\/noticia\/imagens\/as-aventuras-de-poliana-novela-150x100.jpg 150w, https:\/\/migracao.redenoticia.com.br\/noticia\/imagens\/as-aventuras-de-poliana-novela.jpg 600w\" sizes=\"auto, (max-width: 400px) 100vw, 400px\" \/>Resumo novela \u201cAs Aventuras de Poliana\u201d 04\/09<\/em><\/strong>: no cap\u00edtulo 341(*) da novela, resumo de quarta-feira, 04 de setembro, Falc\u00e3o descobre que o CLP migrou suas atividades na comunidade para realiza-las na escola Ruth Goulart e resolve acabar com o projeto. Nancy conta para Waldisney que descobriu que Walter Elias \u00e9 o dono da comunidade Bem Te Vi e seu apelido \u00e9 Falc\u00e3o.Poliana faz algumas perguntas sobre a morte de Ester, sua meia irm\u00e3, para Luisa. Marcelo acha que Pendleton \u00e9 um homem perigoso e decide tomar uma atitude contra ele. Mirela diz a Luca que vai passar o final das f\u00e9rias na casa de seus pais no interior.<\/p>\n<p>Fernanda exige que Raquel v\u00e1 procurar um trabalho durante as f\u00e9rias. Z\u00f3io aparece na aula de bal\u00e9 de D\u00e9bora. Luigi e Yasmin est\u00e3o cada vez mais pr\u00f3ximos, e Filipa fica enciumada. Afonso pede perd\u00e3o a D\u00e9bora. Z\u00f3io rouba o notebook da sala da diretora Ruth. Pendleton encontra Ester sozinha no meio da rua. Roger pensa em pedir demiss\u00e3o da 0110. As crian\u00e7as do Clubinho v\u00e3o at\u00e9 a casa do Sr. P para investigar. D\u00e9bora descobre que Marcelo e Luisa est\u00e3o brigados. Gabi oferece a Vini uma segunda chance para retomarem o romance. Mirela descobre que Raquel \u00e9 a Dark Lady. Luisa entrega a Poliana uma carta escrita por sua m\u00e3e.<\/p>\n<p>(*) edi\u00e7\u00e3o do SBT, Novela \u201cAs Aventuras de Poliana\u201d, sujeito a altera\u00e7\u00e3o de data e conte\u00fado.<\/p>\n<p>Poliana \u00e9 uma menina extrovertida e de bom cora\u00e7\u00e3o que viajava o Brasil com seus pais, Lorenzo e Alice, no grupo circense Trupe Vagalume. Aos onze anos a garota v\u00ea seu mundo desabar quando seus pais falecem e ela tem que ir morar em S\u00e3o Paulo com sua tia Lu\u00edsa, uma mulher rica e severa, a qual ela n\u00e3o conhecia e que n\u00e3o queria cuidar dela, embora sinta que \u00e9 sua obriga\u00e7\u00e3o pela alma de sua irm\u00e3. Apesar do jeito da rigidez da tia, Poliana decide ter uma vis\u00e3o positiva e inabal\u00e1vel da vida, mesmo nos momentos de dificuldade, tentando levar um pouco de felicidade para a vida de cada um dos seus novos amigos e vizinhos, como o Sr. Pendleton, um homem rico e infeliz por nunca ter tido filhos. Ela vai estudar no col\u00e9gio de Ruth, uma diretora de bom cora\u00e7\u00e3o que a ajuda a se adaptar, mas tem que lidar com as vilanias de Mirela, garota mais velha que n\u00e3o aceita perder a popularidade para uma novata.<\/p>\n","protected":false},"excerpt":{"rendered":"<p>Resumo novela \u201cAs Aventuras de Poliana\u201d 04\/09: no cap\u00edtulo 341(*) da novela, resumo de quarta-feira, 04 de setembro, Falc\u00e3o descobre que o CLP migrou suas atividades na comunidade para realiza-las na escola Ruth Goulart e resolve acabar com o projeto. Nancy conta para Waldisney que descobriu que Walter Elias \u00e9 o dono da comunidade Bem [&hellip;]<\/p>\n","protected":false},"author":4,"featured_media":148663,"comment_status":"open","ping_status":"closed","sticky":false,"template":"","format":"standard","meta":{"tdm_status":"","tdm_grid_status":"","footnotes":""},"categories":[477,379,372,343],"tags":[441],"class_list":{"0":"post-181465","1":"post","2":"type-post","3":"status-publish","4":"format-standard","5":"has-post-thumbnail","7":"category-as-aventuras-de-poliana","8":"category-novelas","9":"category-sbt","10":"category-televisao","11":"tag-resumo-do-dia"},"_links":{"self":[{"href":"https:\/\/migracao.redenoticia.com.br\/noticia\/wp-json\/wp\/v2\/posts\/181465","targetHints":{"allow":["GET"]}}],"collection":[{"href":"https:\/\/migracao.redenoticia.com.br\/noticia\/wp-json\/wp\/v2\/posts"}],"about":[{"href":"https:\/\/migracao.redenoticia.com.br\/noticia\/wp-json\/wp\/v2\/types\/post"}],"author":[{"embeddable":true,"href":"https:\/\/migracao.redenoticia.com.br\/noticia\/wp-json\/wp\/v2\/users\/4"}],"replies":[{"embeddable":true,"href":"https:\/\/migracao.redenoticia.com.br\/noticia\/wp-json\/wp\/v2\/comments?post=181465"}],"version-history":[{"count":0,"href":"https:\/\/migracao.redenoticia.com.br\/noticia\/wp-json\/wp\/v2\/posts\/181465\/revisions"}],"wp:featuredmedia":[{"embeddable":true,"href":"https:\/\/migracao.redenoticia.com.br\/noticia\/wp-json\/wp\/v2\/media\/148663"}],"wp:attachment":[{"href":"https:\/\/migracao.redenoticia.com.br\/noticia\/wp-json\/wp\/v2\/media?parent=181465"}],"wp:term":[{"taxonomy":"category","embeddable":true,"href":"https:\/\/migracao.redenoticia.com.br\/noticia\/wp-json\/wp\/v2\/categories?post=181465"},{"taxonomy":"post_tag","embeddable":true,"href":"https:\/\/migracao.redenoticia.com.br\/noticia\/wp-json\/wp\/v2\/tags?post=181465"}],"curies":[{"name":"wp","href":"https:\/\/api.w.org\/{rel}","templated":true}]}}