{"id":181467,"date":"2019-09-03T13:48:31","date_gmt":"2019-09-03T16:48:31","guid":{"rendered":"https:\/\/www.redenoticia.com.br\/noticia\/?p=181467"},"modified":"2019-09-03T13:48:36","modified_gmt":"2019-09-03T16:48:36","slug":"resumo-novela-cumplices-de-um-resgate-04-09-os-irmaos-vaz-e-andre-conhecem-as-criancas-do-vilarejo","status":"publish","type":"post","link":"https:\/\/migracao.redenoticia.com.br\/noticia\/2019\/resumo-novela-cumplices-de-um-resgate-04-09-os-irmaos-vaz-e-andre-conhecem-as-criancas-do-vilarejo\/181467","title":{"rendered":"Resumo novela \u201cC\u00famplices de um Resgate\u201d 04\/09: Os irm\u00e3os Vaz e Andr\u00e9 conhecem as crian\u00e7as do Vilarejo"},"content":{"rendered":"<p><img loading=\"lazy\" decoding=\"async\" class=\"aligncenter size-large wp-image-164526\" src=\"https:\/\/migracao.redenoticia.com.br\/noticia\/imagens\/cumplices-de-um-resgate-001-316x300.jpg\" alt=\"\" width=\"316\" height=\"300\" srcset=\"https:\/\/migracao.redenoticia.com.br\/noticia\/imagens\/cumplices-de-um-resgate-001-316x300.jpg 316w, https:\/\/migracao.redenoticia.com.br\/noticia\/imagens\/cumplices-de-um-resgate-001-197x187.jpg 197w, https:\/\/migracao.redenoticia.com.br\/noticia\/imagens\/cumplices-de-um-resgate-001-150x143.jpg 150w, https:\/\/migracao.redenoticia.com.br\/noticia\/imagens\/cumplices-de-um-resgate-001.jpg 526w\" sizes=\"auto, (max-width: 316px) 100vw, 316px\" \/> Resumo novela \u201cC\u00famplices de um Resgate\u201d 04\/09: no cap\u00edtulo 173(*) da novela, quarta-feira, 04 de setembro, Joel chega com os ingressos e antes que os capangas de Geraldo possam agir, notam que as crian\u00e7as sumiram. Helena e Pedro se preocupam com o sumi\u00e7o das crian\u00e7as. Geraldo diz para Regina que as crian\u00e7as do vilarejo sumiram.Todos procuram Manuela, que finge ser Isabela, para fazer o show. Isabela leva as crian\u00e7as do vilarejo at\u00e9 o apartamento dos Vaz para contar que os bandidos a sequestraram achando que era outra pessoa e que lhe amea\u00e7aram de fazer mal para sua fam\u00edlia e amigos. Meire espia pelo telesc\u00f3pio e acha a movimenta\u00e7\u00e3o no apartamento dos Vaz perigosa. Isabela e as crian\u00e7as do vilarejo se arrumam para sair numa expedi\u00e7\u00e3o, mas antes precisam se livrar de Meire, que aparece na porta do apartamento dos Vaz.<\/p>\n<p>Artur conta para Regina que n\u00e3o encontraram Isabela e que show deve continuar com ou sem a menina. Priscila canta sozinha a m\u00fasica \u201cSuperStar\u201d no show de estreia. Of\u00e9lio escuta barulho no banheiro do camarim, abre aporta e encontra Manuela, que se apressa para entrar no show, que j\u00e1 est\u00e1 em sua segunda can\u00e7\u00e3o. Manuela entra no exato momento de sua parte no dueto rom\u00e2ntico \u201cFugir Agora\u201d. Priscila fica irritada e volta para o seu lugar de segunda voz. Nos bastidores, Artur comemora que Isabela, que na verdade \u00e9 Manuela, conseguiu cantar no palco. Of\u00e9lio diz para Regina que Manuela estava trancada no banheiro.<\/p>\n<p>No show, a banda C1R canta a animada m\u00fasica \u201cEi, Psiu\u201d. Frederico e Lurdinha entram escondidos depois do expediente na sala de Safira para encontrar alguma pista sobre a diminui\u00e7\u00e3o da demanda da confec\u00e7\u00e3o Sonhos e Retalhos, do Vilarejo. Os dois quase s\u00e3o pegos por Tomas. Frederico n\u00e3o aguenta e beija Lurdinha na boca. A mulher fica brava e vai embora. T\u00e9o, Mateus e D\u00f3ris ficam preocupados com Helena e Pedro. Os irm\u00e3os Vaz e Andr\u00e9 chegam em casa e conhecem as crian\u00e7as do Vilarejo.<\/p>\n<p>Isabela apresenta todos. Helena e Pedro vai at\u00e9 a delegacia ap\u00f3s o sumi\u00e7o das crian\u00e7as. Fiorina entra em desespero com a not\u00edcia do desaparecimento de T\u00e9o. Clara e Lu\u00eds tamb\u00e9m ficam aflitos. As crian\u00e7as planejam sa\u00edrem juntos pela expedi\u00e7\u00e3o para que Isabela, que finge ser Manuela, v\u00e1 ao vilarejo em seguran\u00e7a. Andr\u00e9 avisa que n\u00e3o ir\u00e1 com eles. Dinho entra no apartamento.<\/p>\n<p>(*) edi\u00e7\u00e3o do SBT, Novela \u201cC\u00famplices de um Resgate\u201d, sujeito a altera\u00e7\u00e3o de data e conte\u00fado.<\/p>\n","protected":false},"excerpt":{"rendered":"<p>Resumo novela \u201cC\u00famplices de um Resgate\u201d 04\/09: no cap\u00edtulo 173(*) da novela, quarta-feira, 04 de setembro, Joel chega com os ingressos e antes que os capangas de Geraldo possam agir, notam que as crian\u00e7as sumiram. Helena e Pedro se preocupam com o sumi\u00e7o das crian\u00e7as. Geraldo diz para Regina que as crian\u00e7as do vilarejo sumiram.Todos [&hellip;]<\/p>\n","protected":false},"author":4,"featured_media":164526,"comment_status":"open","ping_status":"closed","sticky":false,"template":"","format":"standard","meta":{"tdm_status":"","tdm_grid_status":"","footnotes":""},"categories":[379,372,343],"tags":[441],"class_list":{"0":"post-181467","1":"post","2":"type-post","3":"status-publish","4":"format-standard","5":"has-post-thumbnail","7":"category-novelas","8":"category-sbt","9":"category-televisao","10":"tag-resumo-do-dia"},"_links":{"self":[{"href":"https:\/\/migracao.redenoticia.com.br\/noticia\/wp-json\/wp\/v2\/posts\/181467","targetHints":{"allow":["GET"]}}],"collection":[{"href":"https:\/\/migracao.redenoticia.com.br\/noticia\/wp-json\/wp\/v2\/posts"}],"about":[{"href":"https:\/\/migracao.redenoticia.com.br\/noticia\/wp-json\/wp\/v2\/types\/post"}],"author":[{"embeddable":true,"href":"https:\/\/migracao.redenoticia.com.br\/noticia\/wp-json\/wp\/v2\/users\/4"}],"replies":[{"embeddable":true,"href":"https:\/\/migracao.redenoticia.com.br\/noticia\/wp-json\/wp\/v2\/comments?post=181467"}],"version-history":[{"count":0,"href":"https:\/\/migracao.redenoticia.com.br\/noticia\/wp-json\/wp\/v2\/posts\/181467\/revisions"}],"wp:featuredmedia":[{"embeddable":true,"href":"https:\/\/migracao.redenoticia.com.br\/noticia\/wp-json\/wp\/v2\/media\/164526"}],"wp:attachment":[{"href":"https:\/\/migracao.redenoticia.com.br\/noticia\/wp-json\/wp\/v2\/media?parent=181467"}],"wp:term":[{"taxonomy":"category","embeddable":true,"href":"https:\/\/migracao.redenoticia.com.br\/noticia\/wp-json\/wp\/v2\/categories?post=181467"},{"taxonomy":"post_tag","embeddable":true,"href":"https:\/\/migracao.redenoticia.com.br\/noticia\/wp-json\/wp\/v2\/tags?post=181467"}],"curies":[{"name":"wp","href":"https:\/\/api.w.org\/{rel}","templated":true}]}}