{"id":181495,"date":"2019-09-14T22:50:56","date_gmt":"2019-09-15T01:50:56","guid":{"rendered":"https:\/\/www.redenoticia.com.br\/noticia\/?p=181495"},"modified":"2019-09-14T22:50:23","modified_gmt":"2019-09-15T01:50:23","slug":"novela-a-dona-do-pedaco-arma-de-jo-falha-e-fabiana-a-empurra-pela-janela","status":"publish","type":"post","link":"https:\/\/migracao.redenoticia.com.br\/noticia\/2019\/novela-a-dona-do-pedaco-arma-de-jo-falha-e-fabiana-a-empurra-pela-janela\/181495","title":{"rendered":"Novela \u201cA Dona do Peda\u00e7o\u201d: Arma de J\u00f4 falha e Fabiana a empurra pela janela"},"content":{"rendered":"<p><img loading=\"lazy\" decoding=\"async\" class=\"aligncenter size-large wp-image-177863\" src=\"https:\/\/migracao.redenoticia.com.br\/noticia\/imagens\/A-Dona-do-Pedaco-globo-08-303x300.jpg\" alt=\"\" width=\"303\" height=\"300\" srcset=\"https:\/\/migracao.redenoticia.com.br\/noticia\/imagens\/A-Dona-do-Pedaco-globo-08-303x300.jpg 303w, https:\/\/migracao.redenoticia.com.br\/noticia\/imagens\/A-Dona-do-Pedaco-globo-08-189x187.jpg 189w, https:\/\/migracao.redenoticia.com.br\/noticia\/imagens\/A-Dona-do-Pedaco-globo-08.jpg 606w\" sizes=\"auto, (max-width: 303px) 100vw, 303px\" \/><\/p>\n<p><strong><em>Novela &#8220;A Dona do Peda\u00e7o\u201d:<\/em><\/strong> Josiane (Agatha Moreira) investe o dinheiro da venda da f\u00e1brica em diamantes ilegais e leva preju\u00edzo. Sem ter como arcar com os custos dos empregados, ela vende a mans\u00e3o por um valor muito inferior ao de mercado. Fabiana (Nathalia Dill) pede mais dinheiro em troca de seu sil\u00eancio sobre a morte de Jardel (Duio Botta) e J\u00f4 decide acabar com a chantagem.<\/p>\n<p>Rael (Rafael Queiroz) empresta uma arma para a vil\u00e3 e ela encontra Fabiana: &#8220;N\u00e3o posso mais dar dinheiro pra voc\u00ea, ou ficarei sem nenhum. Reze. E diga adeus&#8221;.<\/p>\n<p>Josiane puxa o gatilho, a arma falha e Fabiana a empurra pela janela. Josiane cai na cal\u00e7ada, desmaia, mas sobrevive. Cena prevista para dia 23 na novela \u201cA Dona do Peda\u00e7o\u201d.<\/p>\n<p>Sinopse \u201cA Dona do Peda\u00e7o\u201d: a novela enaltece a trajet\u00f3ria de Maria da Paz (Juliana Paes), uma jovem humilde, da cidade fict\u00edcia de Rio Vermelho, no Esp\u00edrito Santo. Maria vem de uma fam\u00edlia de justiceiros profissionais, os Ramirez, e se apaixona justamente por Amadeu (Marcos Palmeira), advogado formado em Vit\u00f3ria e membro do cl\u00e3 rival nos neg\u00f3cios, os Matheus. A trama, dividida em um pr\u00f3logo e duas fases, traz uma hist\u00f3ria de amor com elementos \u00e0 Romeu e Julieta, sem perder o humor, que permeia todo o folhetim.<\/p>\n","protected":false},"excerpt":{"rendered":"<p>Novela &#8220;A Dona do Peda\u00e7o\u201d: Josiane (Agatha Moreira) investe o dinheiro da venda da f\u00e1brica em diamantes ilegais e leva preju\u00edzo. Sem ter como arcar com os custos dos empregados, ela vende a mans\u00e3o por um valor muito inferior ao de mercado. Fabiana (Nathalia Dill) pede mais dinheiro em troca de seu sil\u00eancio sobre a [&hellip;]<\/p>\n","protected":false},"author":2,"featured_media":177402,"comment_status":"open","ping_status":"closed","sticky":false,"template":"","format":"standard","meta":{"tdm_status":"","tdm_grid_status":"","footnotes":""},"categories":[543,379,375,343],"tags":[440],"class_list":{"0":"post-181495","1":"post","2":"type-post","3":"status-publish","4":"format-standard","5":"has-post-thumbnail","7":"category-a-dona-do-pedaco","8":"category-novelas","9":"category-rede-globo","10":"category-televisao","11":"tag-noticia-novela"},"_links":{"self":[{"href":"https:\/\/migracao.redenoticia.com.br\/noticia\/wp-json\/wp\/v2\/posts\/181495","targetHints":{"allow":["GET"]}}],"collection":[{"href":"https:\/\/migracao.redenoticia.com.br\/noticia\/wp-json\/wp\/v2\/posts"}],"about":[{"href":"https:\/\/migracao.redenoticia.com.br\/noticia\/wp-json\/wp\/v2\/types\/post"}],"author":[{"embeddable":true,"href":"https:\/\/migracao.redenoticia.com.br\/noticia\/wp-json\/wp\/v2\/users\/2"}],"replies":[{"embeddable":true,"href":"https:\/\/migracao.redenoticia.com.br\/noticia\/wp-json\/wp\/v2\/comments?post=181495"}],"version-history":[{"count":0,"href":"https:\/\/migracao.redenoticia.com.br\/noticia\/wp-json\/wp\/v2\/posts\/181495\/revisions"}],"wp:featuredmedia":[{"embeddable":true,"href":"https:\/\/migracao.redenoticia.com.br\/noticia\/wp-json\/wp\/v2\/media\/177402"}],"wp:attachment":[{"href":"https:\/\/migracao.redenoticia.com.br\/noticia\/wp-json\/wp\/v2\/media?parent=181495"}],"wp:term":[{"taxonomy":"category","embeddable":true,"href":"https:\/\/migracao.redenoticia.com.br\/noticia\/wp-json\/wp\/v2\/categories?post=181495"},{"taxonomy":"post_tag","embeddable":true,"href":"https:\/\/migracao.redenoticia.com.br\/noticia\/wp-json\/wp\/v2\/tags?post=181495"}],"curies":[{"name":"wp","href":"https:\/\/api.w.org\/{rel}","templated":true}]}}