{"id":1815,"date":"2009-05-20T16:34:45","date_gmt":"2009-05-20T20:34:45","guid":{"rendered":"http:\/\/www.redenoticia.com.br\/noticia\/?p=1815"},"modified":"2009-05-20T16:34:45","modified_gmt":"2009-05-20T20:34:45","slug":"rio-tera-48-horas-ininterruptas-de-atividades-culturais-em-junho","status":"publish","type":"post","link":"https:\/\/migracao.redenoticia.com.br\/noticia\/2009\/rio-tera-48-horas-ininterruptas-de-atividades-culturais-em-junho\/1815","title":{"rendered":"Rio ter\u00e1 48 horas ininterruptas de atividades culturais em junho"},"content":{"rendered":"<p class=\"MsoNormal\" style=\"margin-bottom: 12pt;\"><span style=\"font-family: Arial;\"><a href=\"https:\/\/migracao.redenoticia.com.br\/noticia\/imagens\/\/rio.jpg\"><img loading=\"lazy\" decoding=\"async\" class=\"alignleft size-medium wp-image-1814\" title=\"rio\" src=\"https:\/\/migracao.redenoticia.com.br\/noticia\/imagens\/\/rio-249x187.jpg\" alt=\"rio\" width=\"249\" height=\"187\" \/><\/a>Quatro palcos principais, lonas culturais, teatros, pra\u00e7as p\u00fablicas, cinemas, bibliotecas e 48 horas seguidas de atividades diversas sendo realizadas ao mesmo tempo no Rio de Janeiro. \u00c9 o Virad\u00e3o Carioca, projeto criado pela Secretaria Municipal de Cultura que ser\u00e1 promovido nos dias 5, 6 e 7 de junho. Durante esses tr\u00eas dias, cerca de 300 atra\u00e7\u00f5es, como shows musicais, filmes, exposi\u00e7\u00f5es de artes pl\u00e1sticas e ciclo de literatura, entre outros, ser\u00e3o apresentadas na cidade, com ingressos gratuitos ou a pre\u00e7os populares.<\/span><\/p>\n<p class=\"MsoNormal\"><span style=\"font-family: Arial;\">A secret\u00e1ria Jandira Feghali anunciou hoje (20) a programa\u00e7\u00e3o parcial do evento e disse que um dos objetivos do projeto \u00e9 estimular a integra\u00e7\u00e3o das regi\u00f5es da cidade por meio da arte.<\/p>\n<p>\u201cVamos apresentar ao p\u00fablico da zona sul eventos e artistas da zona norte, artistas da zona oeste ao centro. Al\u00e9m disso, boa parte da programa\u00e7\u00e3o vai ser ao ar livre e gratuita, como os grandes palcos da Pra\u00e7a Quinze e de Santa Cruz\u201d, disse a secret\u00e1ria.<\/p>\n<p>Segundo ela, tamb\u00e9m est\u00e3o programadas sess\u00f5es de cinema nas pra\u00e7as at\u00e9 de madrugada, uma exposi\u00e7\u00e3o contempor\u00e2nea na Pra\u00e7a Tiradentes e o Ciclo de Leitura Nelson Rodrigues. \u201cO Rio est\u00e1 precisando de uma sacudida como essa, e o carioca vai voltar a ocupar as ruas da cidade.\u201d<\/p>\n<p>O Virad\u00e3o Carioca \u00e9 similar ao evento Virada Cultural em S\u00e3o Paulo, j\u00e1 na quinta edi\u00e7\u00e3o, com atra\u00e7\u00f5es por 24 horas. O ineditismo da vers\u00e3o carioca, na opini\u00e3o de Jandira, \u00e9 que no Rio as atividades ser\u00e3o realizadas em todas as zonas da cidade e apresentam linguagens diferentes da vida cultural de seus habitantes. <\/span><\/p>\n<p class=\"MsoNormal\"><span style=\"font-family: Arial;\">\u201cO Virad\u00e3o Carioca \u00e9 a express\u00e3o da nova gest\u00e3o da cultura do Rio de Janeiro, que \u00e9 o fortalecimento da diversidade e da pluralidade cultural da cidade, por meio da ocupa\u00e7\u00e3o do espa\u00e7o p\u00fablico\u201d, afirmou Jandira. O Virad\u00e3o, adiantou, ser\u00e1 uma programa\u00e7\u00e3o anual. <\/span><\/p>\n<p class=\"MsoNormal\" style=\"line-height: 12.75pt;\"><span style=\"font-family: Arial;\">O evento, que custar\u00e1 \u00e0 prefeitura R$ 2 milh\u00f5es, conta com apoio institucional de empresas privadas e parceria com a Secretaria Estadual de Cultura do Rio.<\/span><\/p>\n<p class=\"MsoNormal\" style=\"margin-bottom: 12pt;\"><span style=\"font-family: Arial;\">Fl\u00e1via Villela<br \/>\n<em>Rep\u00f3rter da Ag\u00eancia Brasil<\/em> <\/span><\/p>\n","protected":false},"excerpt":{"rendered":"<p>Quatro palcos principais, lonas culturais, teatros, pra\u00e7as p\u00fablicas, cinemas, bibliotecas e 48 horas seguidas de atividades diversas sendo realizadas ao mesmo tempo no Rio de Janeiro. \u00c9 o Virad\u00e3o Carioca, projeto criado pela Secretaria Municipal de Cultura que ser\u00e1 promovido nos dias 5, 6 e 7 de junho. Durante esses tr\u00eas dias, cerca de 300 [&hellip;]<\/p>\n","protected":false},"author":3,"featured_media":0,"comment_status":"open","ping_status":"open","sticky":false,"template":"","format":"standard","meta":{"tdm_status":"","tdm_grid_status":"","footnotes":""},"categories":[22],"tags":[],"class_list":{"0":"post-1815","1":"post","2":"type-post","3":"status-publish","4":"format-standard","6":"category-brasil"},"_links":{"self":[{"href":"https:\/\/migracao.redenoticia.com.br\/noticia\/wp-json\/wp\/v2\/posts\/1815","targetHints":{"allow":["GET"]}}],"collection":[{"href":"https:\/\/migracao.redenoticia.com.br\/noticia\/wp-json\/wp\/v2\/posts"}],"about":[{"href":"https:\/\/migracao.redenoticia.com.br\/noticia\/wp-json\/wp\/v2\/types\/post"}],"author":[{"embeddable":true,"href":"https:\/\/migracao.redenoticia.com.br\/noticia\/wp-json\/wp\/v2\/users\/3"}],"replies":[{"embeddable":true,"href":"https:\/\/migracao.redenoticia.com.br\/noticia\/wp-json\/wp\/v2\/comments?post=1815"}],"version-history":[{"count":0,"href":"https:\/\/migracao.redenoticia.com.br\/noticia\/wp-json\/wp\/v2\/posts\/1815\/revisions"}],"wp:attachment":[{"href":"https:\/\/migracao.redenoticia.com.br\/noticia\/wp-json\/wp\/v2\/media?parent=1815"}],"wp:term":[{"taxonomy":"category","embeddable":true,"href":"https:\/\/migracao.redenoticia.com.br\/noticia\/wp-json\/wp\/v2\/categories?post=1815"},{"taxonomy":"post_tag","embeddable":true,"href":"https:\/\/migracao.redenoticia.com.br\/noticia\/wp-json\/wp\/v2\/tags?post=1815"}],"curies":[{"name":"wp","href":"https:\/\/api.w.org\/{rel}","templated":true}]}}