{"id":181519,"date":"2019-09-04T14:51:27","date_gmt":"2019-09-04T17:51:27","guid":{"rendered":"https:\/\/www.redenoticia.com.br\/noticia\/?p=181519"},"modified":"2019-09-04T14:51:35","modified_gmt":"2019-09-04T17:51:35","slug":"resumo-novela-abismo-de-paixao-05-09-damiao-e-elisa-fogem","status":"publish","type":"post","link":"https:\/\/migracao.redenoticia.com.br\/noticia\/2019\/resumo-novela-abismo-de-paixao-05-09-damiao-e-elisa-fogem\/181519","title":{"rendered":"Resumo novela \u201cAbismo de Paix\u00e3o\u201d 05\/09: Dami\u00e3o e Elisa fogem"},"content":{"rendered":"<p><img loading=\"lazy\" decoding=\"async\" class=\"aligncenter size-large wp-image-181127\" src=\"https:\/\/migracao.redenoticia.com.br\/noticia\/imagens\/abismo-de-paixao-sbt-resumo-327x300.jpg\" alt=\"\" width=\"327\" height=\"300\" srcset=\"https:\/\/migracao.redenoticia.com.br\/noticia\/imagens\/abismo-de-paixao-sbt-resumo-327x300.jpg 327w, https:\/\/migracao.redenoticia.com.br\/noticia\/imagens\/abismo-de-paixao-sbt-resumo-204x187.jpg 204w, https:\/\/migracao.redenoticia.com.br\/noticia\/imagens\/abismo-de-paixao-sbt-resumo.jpg 426w\" sizes=\"auto, (max-width: 327px) 100vw, 327px\" \/><\/p>\n<p>Resumo da novela<strong><em> \u201cAbismo de Paix\u00e3o\u201d&nbsp;<\/em><\/strong> em 05\/09: no cap\u00edtulo 008(*) da novela, quinta-feira, 05 de setembro, Elisa vai chorando contar para Branca que seu pai vai casar com Carmem e lhe pede que a deixe viver com ela. Ramiro leva para Almerinda a mala de Rog\u00e9rio, ela pergunta pelas passagens de avi\u00e3o, ele diz que n\u00e3o tem ideia de onde est\u00e3o, e ela n\u00e3o d\u00e1 import\u00e2ncia. Augusto e Carmem, j\u00e1 casados, negam a Elisa a permiss\u00e3o de ir viver com Branca. Catarina leva a carta de Dami\u00e3o a Elisa e flerta com Br\u00e1ulio. Elisa manda uma resposta para Dami\u00e3o. Dami\u00e3o vai no escrit\u00f3rio de seu pai e pega o dinheiro que uma vez lhe ofereceu, Almerinda o encontra e Dami\u00e3o finge estar de acordo com ela em tudo para que o deixe sair. Dami\u00e3o vai procurar Elisa em sua casa e decidem fugir juntos. Dolores avisa a Augusto que Elisa n\u00e3o est\u00e1 em casa, ao mesmo tempo que Almerinda procura Dami\u00e3o e n\u00e3o o encontra.<\/p>\n<p>Augusto procura Elisa na casa de Branca, ela lhe recrimina que n\u00e3o ligue para sua filha e lhe diz que n\u00e3o est\u00e1 com ela. Elisa e Dami\u00e3o, no cavalo dele, v\u00e3o andando pelo campo de noite um pouco assustados e se encontram com Paloma, ela ao saber que est\u00e3o fugindo, lhes empresta uma lamparina e lhes conta sobre uma caverna, onde podem passar a noite. Almerinda pede a Ramiro que procure seu filho, enquanto que Dolores diz a Augusto que, talvez Paloma saiba onde est\u00e1 Elisa, este interroga a pequena, mas ela n\u00e3o diz nada. Pela manh\u00e3, Ramiro amea\u00e7a Paloma para que lhe conte onde est\u00e3o seus amigos, ele acaba os encontrando e os leva para a fazenda. Almerinda coloca a culpa em Elisa pela fuga de Dami\u00e3o e d\u00e1 uma bofetada na garota. Em seguida, a m\u00e3e do garoto avisa que enviar\u00e1 seu filho para fora do pa\u00eds para que nunca mais veja Elisa.<br \/>\n(*) edi\u00e7\u00e3o do SBT, Novela \u201cAbismo de Paix\u00e3o\u201d, sujeito a altera\u00e7\u00e3o de data e conte\u00fado.<\/p>\n<p>&#8220;Abismo de Paix\u00e3o&#8221;- Augusto Casta\u00f1\u00f3n (Alejandro Camacho) e Estef\u00e2nia Bouvier de Casta\u00f1\u00f3n (Ludwika Paleta) s\u00e3o pais de Elisa (Angelique Boyer). Com eles vive Carmen Bouvier (Sabine Moussier), irm\u00e3 mais velha de Estef\u00e2nia e que vai fugir do povoado com Rog\u00e9rio Arango (C\u00e9sar \u00c9vora), esposo de Almerinda Arango (Blanca Guerra) e pai de Dami\u00e3o (David Zepeda), melhor amigo de Elisa. Almerinda descobre e alerta a Augusto.<\/p>\n<p>Por sua parte, Estef\u00e2nia tenta impedir Rog\u00e9rio a n\u00e3o abandonar sua fam\u00edlia, mas devido ao intemp\u00e9rie da chuva, ambos morrem em um acidente de carro. Carmem aproveita o fato para fazer Augusto acreditar que sua esposa era infiel. Augusto, por despeito, casa-se com Carmem, apesar de n\u00e3o estar apaixonado por ela e nem am\u00e1-la. Carmem est\u00e1 gr\u00e1vida de Rog\u00e9rio, mas mente para Augusto, dizendo que o filho \u00e9 dele. Querendo bater em Elisa, Carmem escorrega e cai na piscina da casa, causando morte s\u00fabita ao beb\u00ea. Por sua parte, Almerinda decide mandar a Dami\u00e3o para fora do povoado a estudar para separ\u00e1-lo de Elisa de quem \u00e9 muito amigo, amizade que ela n\u00e3o v\u00ea com bons olhos, ap\u00f3s inocentemente os dois fugirem juntos.<\/p>\n","protected":false},"excerpt":{"rendered":"<p>Resumo da novela \u201cAbismo de Paix\u00e3o\u201d&nbsp; em 05\/09: no cap\u00edtulo 008(*) da novela, quinta-feira, 05 de setembro, Elisa vai chorando contar para Branca que seu pai vai casar com Carmem e lhe pede que a deixe viver com ela. Ramiro leva para Almerinda a mala de Rog\u00e9rio, ela pergunta pelas passagens de avi\u00e3o, ele diz [&hellip;]<\/p>\n","protected":false},"author":4,"featured_media":181126,"comment_status":"open","ping_status":"closed","sticky":false,"template":"","format":"standard","meta":{"tdm_status":"","tdm_grid_status":"","footnotes":""},"categories":[379,372,343],"tags":[441],"class_list":{"0":"post-181519","1":"post","2":"type-post","3":"status-publish","4":"format-standard","5":"has-post-thumbnail","7":"category-novelas","8":"category-sbt","9":"category-televisao","10":"tag-resumo-do-dia"},"_links":{"self":[{"href":"https:\/\/migracao.redenoticia.com.br\/noticia\/wp-json\/wp\/v2\/posts\/181519","targetHints":{"allow":["GET"]}}],"collection":[{"href":"https:\/\/migracao.redenoticia.com.br\/noticia\/wp-json\/wp\/v2\/posts"}],"about":[{"href":"https:\/\/migracao.redenoticia.com.br\/noticia\/wp-json\/wp\/v2\/types\/post"}],"author":[{"embeddable":true,"href":"https:\/\/migracao.redenoticia.com.br\/noticia\/wp-json\/wp\/v2\/users\/4"}],"replies":[{"embeddable":true,"href":"https:\/\/migracao.redenoticia.com.br\/noticia\/wp-json\/wp\/v2\/comments?post=181519"}],"version-history":[{"count":0,"href":"https:\/\/migracao.redenoticia.com.br\/noticia\/wp-json\/wp\/v2\/posts\/181519\/revisions"}],"wp:featuredmedia":[{"embeddable":true,"href":"https:\/\/migracao.redenoticia.com.br\/noticia\/wp-json\/wp\/v2\/media\/181126"}],"wp:attachment":[{"href":"https:\/\/migracao.redenoticia.com.br\/noticia\/wp-json\/wp\/v2\/media?parent=181519"}],"wp:term":[{"taxonomy":"category","embeddable":true,"href":"https:\/\/migracao.redenoticia.com.br\/noticia\/wp-json\/wp\/v2\/categories?post=181519"},{"taxonomy":"post_tag","embeddable":true,"href":"https:\/\/migracao.redenoticia.com.br\/noticia\/wp-json\/wp\/v2\/tags?post=181519"}],"curies":[{"name":"wp","href":"https:\/\/api.w.org\/{rel}","templated":true}]}}