{"id":181523,"date":"2019-09-04T14:54:28","date_gmt":"2019-09-04T17:54:28","guid":{"rendered":"https:\/\/www.redenoticia.com.br\/noticia\/?p=181523"},"modified":"2019-09-04T14:54:33","modified_gmt":"2019-09-04T17:54:33","slug":"resumo-novela-as-aventuras-de-poliana-05-09-kessya-da-licao-de-moral-em-bento","status":"publish","type":"post","link":"https:\/\/migracao.redenoticia.com.br\/noticia\/2019\/resumo-novela-as-aventuras-de-poliana-05-09-kessya-da-licao-de-moral-em-bento\/181523","title":{"rendered":"Resumo novela \u201cAs Aventuras de Poliana\u201d 05\/09: Kessya d\u00e1 li\u00e7\u00e3o de moral em Bento"},"content":{"rendered":"<p><strong><em><img loading=\"lazy\" decoding=\"async\" class=\"aligncenter size-large wp-image-148662\" src=\"https:\/\/migracao.redenoticia.com.br\/noticia\/imagens\/as-aventuras-de-poliana-novela-400x267.jpg\" alt=\"\" width=\"400\" height=\"267\" srcset=\"https:\/\/migracao.redenoticia.com.br\/noticia\/imagens\/as-aventuras-de-poliana-novela-400x267.jpg 400w, https:\/\/migracao.redenoticia.com.br\/noticia\/imagens\/as-aventuras-de-poliana-novela-250x167.jpg 250w, https:\/\/migracao.redenoticia.com.br\/noticia\/imagens\/as-aventuras-de-poliana-novela-150x100.jpg 150w, https:\/\/migracao.redenoticia.com.br\/noticia\/imagens\/as-aventuras-de-poliana-novela.jpg 600w\" sizes=\"auto, (max-width: 400px) 100vw, 400px\" \/>Resumo novela \u201cAs Aventuras de Poliana\u201d 05\/09<\/em><\/strong>: no cap\u00edtulo 342(*) da novela, resumo de quinta-feira, 05 de setembro, Pendleton programa Ester para a Android pensar que \u00e9 uma menina humana e \u00e9 sua afilhada. Para se aproximar de Marcelo, D\u00e9bora o convida para participar do projeto social do CLP. Afonso v\u00ea D\u00e9bora saindo da casa de Marcelo. Bento, Luigi, Kessya e Jo\u00e3o v\u00e3o visitar Poliana para tentar anima-la. Poliana desconfia que Pendleton tenha feito algo para que ela fosse a grande campe\u00e3 do Campo de F\u00e9rias. Roger sugere a D\u00e9bora e Nadine que unam suas for\u00e7as contra Pendleton. Carla chama Guilherme para sair. Kessya se irrita com as atitudes de Bento e d\u00e1 uma li\u00e7\u00e3o de moral no garoto.<\/p>\n<p>Jeff se compromete a ajudar Vini a entrar na Ruth Goulart. Pendleton mostra o novo quarto de Ester. Durval vai \u00e0 casa de Pendleton para confronta-lo. Enquanto espiam a mans\u00e3o de Pendleton, as crian\u00e7as do Clubinho enxergam uma sombra misteriosa na janela e ficam intrigados. Ruth descobre que seu notebook foi roubado e pensa em encerrar o projeto na escola. Jerry vai at\u00e9 a padaria de Durval e encontra Raquel. D\u00e9bora pede para fazer parte do CLP. Bento pede para Ruth falar com Pendleton sobre seu problema nas pernas.<\/p>\n<p>(*) edi\u00e7\u00e3o do SBT, Novela \u201cAs Aventuras de Poliana\u201d, sujeito a altera\u00e7\u00e3o de data e conte\u00fado.<\/p>\n<p>Poliana \u00e9 uma menina extrovertida e de bom cora\u00e7\u00e3o que viajava o Brasil com seus pais, Lorenzo e Alice, no grupo circense Trupe Vagalume. Aos onze anos a garota v\u00ea seu mundo desabar quando seus pais falecem e ela tem que ir morar em S\u00e3o Paulo com sua tia Lu\u00edsa, uma mulher rica e severa, a qual ela n\u00e3o conhecia e que n\u00e3o queria cuidar dela, embora sinta que \u00e9 sua obriga\u00e7\u00e3o pela alma de sua irm\u00e3. Apesar do jeito da rigidez da tia, Poliana decide ter uma vis\u00e3o positiva e inabal\u00e1vel da vida, mesmo nos momentos de dificuldade, tentando levar um pouco de felicidade para a vida de cada um dos seus novos amigos e vizinhos, como o Sr. Pendleton, um homem rico e infeliz por nunca ter tido filhos. Ela vai estudar no col\u00e9gio de Ruth, uma diretora de bom cora\u00e7\u00e3o que a ajuda a se adaptar, mas tem que lidar com as vilanias de Mirela, garota mais velha que n\u00e3o aceita perder a popularidade para uma novata.<\/p>\n","protected":false},"excerpt":{"rendered":"<p>Resumo novela \u201cAs Aventuras de Poliana\u201d 05\/09: no cap\u00edtulo 342(*) da novela, resumo de quinta-feira, 05 de setembro, Pendleton programa Ester para a Android pensar que \u00e9 uma menina humana e \u00e9 sua afilhada. Para se aproximar de Marcelo, D\u00e9bora o convida para participar do projeto social do CLP. Afonso v\u00ea D\u00e9bora saindo da casa [&hellip;]<\/p>\n","protected":false},"author":4,"featured_media":148663,"comment_status":"open","ping_status":"closed","sticky":false,"template":"","format":"standard","meta":{"tdm_status":"","tdm_grid_status":"","footnotes":""},"categories":[477,379,372,343],"tags":[441],"class_list":{"0":"post-181523","1":"post","2":"type-post","3":"status-publish","4":"format-standard","5":"has-post-thumbnail","7":"category-as-aventuras-de-poliana","8":"category-novelas","9":"category-sbt","10":"category-televisao","11":"tag-resumo-do-dia"},"_links":{"self":[{"href":"https:\/\/migracao.redenoticia.com.br\/noticia\/wp-json\/wp\/v2\/posts\/181523","targetHints":{"allow":["GET"]}}],"collection":[{"href":"https:\/\/migracao.redenoticia.com.br\/noticia\/wp-json\/wp\/v2\/posts"}],"about":[{"href":"https:\/\/migracao.redenoticia.com.br\/noticia\/wp-json\/wp\/v2\/types\/post"}],"author":[{"embeddable":true,"href":"https:\/\/migracao.redenoticia.com.br\/noticia\/wp-json\/wp\/v2\/users\/4"}],"replies":[{"embeddable":true,"href":"https:\/\/migracao.redenoticia.com.br\/noticia\/wp-json\/wp\/v2\/comments?post=181523"}],"version-history":[{"count":0,"href":"https:\/\/migracao.redenoticia.com.br\/noticia\/wp-json\/wp\/v2\/posts\/181523\/revisions"}],"wp:featuredmedia":[{"embeddable":true,"href":"https:\/\/migracao.redenoticia.com.br\/noticia\/wp-json\/wp\/v2\/media\/148663"}],"wp:attachment":[{"href":"https:\/\/migracao.redenoticia.com.br\/noticia\/wp-json\/wp\/v2\/media?parent=181523"}],"wp:term":[{"taxonomy":"category","embeddable":true,"href":"https:\/\/migracao.redenoticia.com.br\/noticia\/wp-json\/wp\/v2\/categories?post=181523"},{"taxonomy":"post_tag","embeddable":true,"href":"https:\/\/migracao.redenoticia.com.br\/noticia\/wp-json\/wp\/v2\/tags?post=181523"}],"curies":[{"name":"wp","href":"https:\/\/api.w.org\/{rel}","templated":true}]}}