{"id":181525,"date":"2019-09-04T14:56:42","date_gmt":"2019-09-04T17:56:42","guid":{"rendered":"https:\/\/www.redenoticia.com.br\/noticia\/?p=181525"},"modified":"2019-09-04T14:56:51","modified_gmt":"2019-09-04T17:56:51","slug":"resumo-novela-cumplices-de-um-resgate-05-09-as-criancas-saem-para-a-expedicao","status":"publish","type":"post","link":"https:\/\/migracao.redenoticia.com.br\/noticia\/2019\/resumo-novela-cumplices-de-um-resgate-05-09-as-criancas-saem-para-a-expedicao\/181525","title":{"rendered":"Resumo novela \u201cC\u00famplices de um Resgate\u201d 05\/09: As crian\u00e7as saem para a expedi\u00e7\u00e3o"},"content":{"rendered":"<p><img loading=\"lazy\" decoding=\"async\" class=\"aligncenter size-large wp-image-164526\" src=\"https:\/\/migracao.redenoticia.com.br\/noticia\/imagens\/cumplices-de-um-resgate-001-316x300.jpg\" alt=\"\" width=\"316\" height=\"300\" srcset=\"https:\/\/migracao.redenoticia.com.br\/noticia\/imagens\/cumplices-de-um-resgate-001-316x300.jpg 316w, https:\/\/migracao.redenoticia.com.br\/noticia\/imagens\/cumplices-de-um-resgate-001-197x187.jpg 197w, https:\/\/migracao.redenoticia.com.br\/noticia\/imagens\/cumplices-de-um-resgate-001-150x143.jpg 150w, https:\/\/migracao.redenoticia.com.br\/noticia\/imagens\/cumplices-de-um-resgate-001.jpg 526w\" sizes=\"auto, (max-width: 316px) 100vw, 316px\" \/> Resumo novela \u201cC\u00famplices de um Resgate\u201d 05\/09: no cap\u00edtulo 174(*) da novela, quinta-feira, 05 de setembro, as crian\u00e7as conseguem se livrar de Dinho. T\u00e9o conversa com Isabela, achando que se trata de Manuela e pega na m\u00e3o dela. A garota est\u00e1 encantada por T\u00e9o. Felipe aparece e fica enciumado. Priscila fica chateada que Safira n\u00e3o assistiu ao show da C1R. Ot\u00e1vio e Rebeca est\u00e3o de volta ao trabalho. Rebeca pergunta sobre os pap\u00e9is assinados por Ot\u00e1vio autorizando a redu\u00e7\u00e3o das encomendas da confec\u00e7\u00e3o do vilarejo. As crian\u00e7as saem para a expedi\u00e7\u00e3o.<\/p>\n<p>Meire e Dinho decidem seguir as crian\u00e7as. Pedro e Helena se encontram com Rebeca. Os dois se culpam pelo sumi\u00e7o das crian\u00e7as. Os c\u00famplices pegam um trem para come\u00e7ar a expedi\u00e7\u00e3o. Fortunado leva Priscila para passar o dia na casa de Regina. No trem, as crian\u00e7as agitam com todos os passageiros com uma can\u00e7\u00e3o. Meire e Dinho observam tudo. Geraldo ordena que os capangas v\u00e3o at\u00e9 o vilarejo para saber a repercuss\u00e3o do show.<\/p>\n<p>(*) edi\u00e7\u00e3o do SBT, Novela \u201cC\u00famplices de um Resgate\u201d, sujeito a altera\u00e7\u00e3o de data e conte\u00fado.<\/p>\n","protected":false},"excerpt":{"rendered":"<p>Resumo novela \u201cC\u00famplices de um Resgate\u201d 05\/09: no cap\u00edtulo 174(*) da novela, quinta-feira, 05 de setembro, as crian\u00e7as conseguem se livrar de Dinho. T\u00e9o conversa com Isabela, achando que se trata de Manuela e pega na m\u00e3o dela. A garota est\u00e1 encantada por T\u00e9o. Felipe aparece e fica enciumado. Priscila fica chateada que Safira n\u00e3o [&hellip;]<\/p>\n","protected":false},"author":4,"featured_media":164526,"comment_status":"open","ping_status":"closed","sticky":false,"template":"","format":"standard","meta":{"tdm_status":"","tdm_grid_status":"","footnotes":""},"categories":[379,372,343],"tags":[441],"class_list":{"0":"post-181525","1":"post","2":"type-post","3":"status-publish","4":"format-standard","5":"has-post-thumbnail","7":"category-novelas","8":"category-sbt","9":"category-televisao","10":"tag-resumo-do-dia"},"_links":{"self":[{"href":"https:\/\/migracao.redenoticia.com.br\/noticia\/wp-json\/wp\/v2\/posts\/181525","targetHints":{"allow":["GET"]}}],"collection":[{"href":"https:\/\/migracao.redenoticia.com.br\/noticia\/wp-json\/wp\/v2\/posts"}],"about":[{"href":"https:\/\/migracao.redenoticia.com.br\/noticia\/wp-json\/wp\/v2\/types\/post"}],"author":[{"embeddable":true,"href":"https:\/\/migracao.redenoticia.com.br\/noticia\/wp-json\/wp\/v2\/users\/4"}],"replies":[{"embeddable":true,"href":"https:\/\/migracao.redenoticia.com.br\/noticia\/wp-json\/wp\/v2\/comments?post=181525"}],"version-history":[{"count":0,"href":"https:\/\/migracao.redenoticia.com.br\/noticia\/wp-json\/wp\/v2\/posts\/181525\/revisions"}],"wp:featuredmedia":[{"embeddable":true,"href":"https:\/\/migracao.redenoticia.com.br\/noticia\/wp-json\/wp\/v2\/media\/164526"}],"wp:attachment":[{"href":"https:\/\/migracao.redenoticia.com.br\/noticia\/wp-json\/wp\/v2\/media?parent=181525"}],"wp:term":[{"taxonomy":"category","embeddable":true,"href":"https:\/\/migracao.redenoticia.com.br\/noticia\/wp-json\/wp\/v2\/categories?post=181525"},{"taxonomy":"post_tag","embeddable":true,"href":"https:\/\/migracao.redenoticia.com.br\/noticia\/wp-json\/wp\/v2\/tags?post=181525"}],"curies":[{"name":"wp","href":"https:\/\/api.w.org\/{rel}","templated":true}]}}