{"id":181564,"date":"2019-09-05T11:22:47","date_gmt":"2019-09-05T14:22:47","guid":{"rendered":"https:\/\/www.redenoticia.com.br\/noticia\/?p=181564"},"modified":"2019-09-05T11:22:54","modified_gmt":"2019-09-05T14:22:54","slug":"resumo-novela-abismo-de-paixao-06-09-damiao-vai-embora-do-povoado","status":"publish","type":"post","link":"https:\/\/migracao.redenoticia.com.br\/noticia\/2019\/resumo-novela-abismo-de-paixao-06-09-damiao-vai-embora-do-povoado\/181564","title":{"rendered":"Resumo novela \u201cAbismo de Paix\u00e3o\u201d 06\/09: Dami\u00e3o vai embora do povoado"},"content":{"rendered":"<p><img loading=\"lazy\" decoding=\"async\" class=\"aligncenter size-large wp-image-181127\" src=\"https:\/\/migracao.redenoticia.com.br\/noticia\/imagens\/abismo-de-paixao-sbt-resumo-327x300.jpg\" alt=\"\" width=\"327\" height=\"300\" srcset=\"https:\/\/migracao.redenoticia.com.br\/noticia\/imagens\/abismo-de-paixao-sbt-resumo-327x300.jpg 327w, https:\/\/migracao.redenoticia.com.br\/noticia\/imagens\/abismo-de-paixao-sbt-resumo-204x187.jpg 204w, https:\/\/migracao.redenoticia.com.br\/noticia\/imagens\/abismo-de-paixao-sbt-resumo.jpg 426w\" sizes=\"auto, (max-width: 327px) 100vw, 327px\" \/><\/p>\n<p>Resumo da novela<strong><em> \u201cAbismo de Paix\u00e3o\u201d&nbsp;<\/em><\/strong> em 06\/09: no cap\u00edtulo 009(*) da novela, sexta-feira, 06 de setembro, Almerinda prepara a viagem de Dami\u00e3o e este lhe grita que a odeia. O padre Lupe leva Elisa para sua casa, ela diz que seu pai n\u00e3o a ama. Ramona descobre que Ramiro aborreceu Paloma e o procura para enfrent\u00e1-lo. Almerinda demite L\u00facio e nomeia Ramiro administrador. Dami\u00e3o se despede de Gael, lhe pede que entregue o amuleto a Elisa e que lhe pe\u00e7a para nunca tir\u00e1-lo, porque ele nunca vai tirar o dele. Carmem diz a Dolores que Estef\u00e2nia levou suas j\u00f3ias, mas logo as encontra numa gaveta de Carmem. Gael entrega o amuleto para Elisa e lhe diz que Dami\u00e3o j\u00e1 foi embora, as crian\u00e7as v\u00e3o na estrada se despedir do seu amigo e quando o carro passa, Almerinda n\u00e3o permite que o autom\u00f3vel pare.<\/p>\n<p>Augusto diz a Carmem que ter se casado foi um erro. L\u00facio conta a Branca que Almerinda o despediu. Elisa escuta Augusto dizer que tem problemas nos neg\u00f3cios e faz salsa para vender na pra\u00e7a. J\u00e1 se nota a gravidez e Carmem e Augusto est\u00e1 comovido de que seja um filho dele. Ramiro volta a chantagear Carmem, esta o amea\u00e7a de morte. A casa de modas de Branca vai muito bem, mas L\u00facio continua sentindo falta de seu trabalho na empacotadora. Elisa admira a roupa do beb\u00ea, chega Carmem e lhe adverte que n\u00e3o toque em nada de seu filho, a pequena a enfrenta e Carmem quer bater nela, mas a garota escapa. Carmem a persegue e acabando caindo.<\/p>\n<p>(*) edi\u00e7\u00e3o do SBT, Novela \u201cAbismo de Paix\u00e3o\u201d, sujeito a altera\u00e7\u00e3o de data e conte\u00fado.<\/p>\n<p>&#8220;Abismo de Paix\u00e3o&#8221;- Augusto Casta\u00f1\u00f3n (Alejandro Camacho) e Estef\u00e2nia Bouvier de Casta\u00f1\u00f3n (Ludwika Paleta) s\u00e3o pais de Elisa (Angelique Boyer). Com eles vive Carmen Bouvier (Sabine Moussier), irm\u00e3 mais velha de Estef\u00e2nia e que vai fugir do povoado com Rog\u00e9rio Arango (C\u00e9sar \u00c9vora), esposo de Almerinda Arango (Blanca Guerra) e pai de Dami\u00e3o (David Zepeda), melhor amigo de Elisa. Almerinda descobre e alerta a Augusto.<\/p>\n<p>Por sua parte, Estef\u00e2nia tenta impedir Rog\u00e9rio a n\u00e3o abandonar sua fam\u00edlia, mas devido ao intemp\u00e9rie da chuva, ambos morrem em um acidente de carro. Carmem aproveita o fato para fazer Augusto acreditar que sua esposa era infiel. Augusto, por despeito, casa-se com Carmem, apesar de n\u00e3o estar apaixonado por ela e nem am\u00e1-la. Carmem est\u00e1 gr\u00e1vida de Rog\u00e9rio, mas mente para Augusto, dizendo que o filho \u00e9 dele. Querendo bater em Elisa, Carmem escorrega e cai na piscina da casa, causando morte s\u00fabita ao beb\u00ea. Por sua parte, Almerinda decide mandar a Dami\u00e3o para fora do povoado a estudar para separ\u00e1-lo de Elisa de quem \u00e9 muito amigo, amizade que ela n\u00e3o v\u00ea com bons olhos, ap\u00f3s inocentemente os dois fugirem juntos.<\/p>\n","protected":false},"excerpt":{"rendered":"<p>Resumo da novela \u201cAbismo de Paix\u00e3o\u201d&nbsp; em 06\/09: no cap\u00edtulo 009(*) da novela, sexta-feira, 06 de setembro, Almerinda prepara a viagem de Dami\u00e3o e este lhe grita que a odeia. O padre Lupe leva Elisa para sua casa, ela diz que seu pai n\u00e3o a ama. Ramona descobre que Ramiro aborreceu Paloma e o procura [&hellip;]<\/p>\n","protected":false},"author":4,"featured_media":181126,"comment_status":"open","ping_status":"closed","sticky":false,"template":"","format":"standard","meta":{"tdm_status":"","tdm_grid_status":"","footnotes":""},"categories":[379,372,343],"tags":[441],"class_list":{"0":"post-181564","1":"post","2":"type-post","3":"status-publish","4":"format-standard","5":"has-post-thumbnail","7":"category-novelas","8":"category-sbt","9":"category-televisao","10":"tag-resumo-do-dia"},"_links":{"self":[{"href":"https:\/\/migracao.redenoticia.com.br\/noticia\/wp-json\/wp\/v2\/posts\/181564","targetHints":{"allow":["GET"]}}],"collection":[{"href":"https:\/\/migracao.redenoticia.com.br\/noticia\/wp-json\/wp\/v2\/posts"}],"about":[{"href":"https:\/\/migracao.redenoticia.com.br\/noticia\/wp-json\/wp\/v2\/types\/post"}],"author":[{"embeddable":true,"href":"https:\/\/migracao.redenoticia.com.br\/noticia\/wp-json\/wp\/v2\/users\/4"}],"replies":[{"embeddable":true,"href":"https:\/\/migracao.redenoticia.com.br\/noticia\/wp-json\/wp\/v2\/comments?post=181564"}],"version-history":[{"count":0,"href":"https:\/\/migracao.redenoticia.com.br\/noticia\/wp-json\/wp\/v2\/posts\/181564\/revisions"}],"wp:featuredmedia":[{"embeddable":true,"href":"https:\/\/migracao.redenoticia.com.br\/noticia\/wp-json\/wp\/v2\/media\/181126"}],"wp:attachment":[{"href":"https:\/\/migracao.redenoticia.com.br\/noticia\/wp-json\/wp\/v2\/media?parent=181564"}],"wp:term":[{"taxonomy":"category","embeddable":true,"href":"https:\/\/migracao.redenoticia.com.br\/noticia\/wp-json\/wp\/v2\/categories?post=181564"},{"taxonomy":"post_tag","embeddable":true,"href":"https:\/\/migracao.redenoticia.com.br\/noticia\/wp-json\/wp\/v2\/tags?post=181564"}],"curies":[{"name":"wp","href":"https:\/\/api.w.org\/{rel}","templated":true}]}}