{"id":181570,"date":"2019-09-05T11:25:51","date_gmt":"2019-09-05T14:25:51","guid":{"rendered":"https:\/\/www.redenoticia.com.br\/noticia\/?p=181570"},"modified":"2019-09-05T11:25:56","modified_gmt":"2019-09-05T14:25:56","slug":"resumo-novela-cumplices-de-um-resgate-06-09-as-criancas-se-escondem-na-mata","status":"publish","type":"post","link":"https:\/\/migracao.redenoticia.com.br\/noticia\/2019\/resumo-novela-cumplices-de-um-resgate-06-09-as-criancas-se-escondem-na-mata\/181570","title":{"rendered":"Resumo novela \u201cC\u00famplices de um Resgate\u201d 06\/09: As crian\u00e7as se escondem na mata"},"content":{"rendered":"<p><img loading=\"lazy\" decoding=\"async\" class=\"aligncenter size-large wp-image-164526\" src=\"https:\/\/migracao.redenoticia.com.br\/noticia\/imagens\/cumplices-de-um-resgate-001-316x300.jpg\" alt=\"\" width=\"316\" height=\"300\" srcset=\"https:\/\/migracao.redenoticia.com.br\/noticia\/imagens\/cumplices-de-um-resgate-001-316x300.jpg 316w, https:\/\/migracao.redenoticia.com.br\/noticia\/imagens\/cumplices-de-um-resgate-001-197x187.jpg 197w, https:\/\/migracao.redenoticia.com.br\/noticia\/imagens\/cumplices-de-um-resgate-001-150x143.jpg 150w, https:\/\/migracao.redenoticia.com.br\/noticia\/imagens\/cumplices-de-um-resgate-001.jpg 526w\" sizes=\"auto, (max-width: 316px) 100vw, 316px\" \/> Resumo novela \u201cC\u00famplices de um Resgate\u201d 06\/09: no cap\u00edtulo 175(*) da novela, sexta-feira, 06 de setembro, Priscila liga para o av\u00f4 e pede autoriza\u00e7\u00e3o para passar a noite na casa de Regina. Fortunado permite, pois Priscila insiste muito. Enquanto isso, as crian\u00e7as descem do trem e v\u00e3o at\u00e9 uma loja, mas Felipe cai e bagun\u00e7a o estabelecimento. Acabam expulsos. Isabela se atenta para tentar falar como Manuela. Meire e Dinho continuam seguindo eles e observando tudo de longe. Rebeca vai para o vilarejo para dar apoio para Helena e Pedro. Ot\u00e1vio fica enciumado, mas entende a situa\u00e7\u00e3o. Lurdinha diz para Frederico que os dois n\u00e3o podem ter um relacionamento, pois ele n\u00e3o \u00e9 um homem de Deus. Frederico fica pensativo e decide que ser\u00e1 um \u201ccrente\u201d para atrair ela. As crian\u00e7as v\u00e3o parar na mata ao notarem que est\u00e3o sendo seguidas.<\/p>\n<p>Meire e Dinho os perdem de vista, mas continuam tentando ir atr\u00e1s das crian\u00e7as. O pastor avisa as crian\u00e7as do vilarejo que os ensaios da pe\u00e7a est\u00e3o suspensos at\u00e9 que D\u00f3ris, T\u00e9o e Mateus reapare\u00e7am. Navarro e Vargas descobrem pistas sobre o paradeiro das crian\u00e7as e tamb\u00e9m entram na mata que leva at\u00e9 o Vilarejo dos Sonhos. Anoitece e as crian\u00e7as montam as barracas. Mateus e Joaquim conseguem fazer uma fogueira. Priscila se encanta com as roupas de Isabela e chama at\u00e9 Regina de m\u00e3e. \u201cDeve ser muito legal ser voc\u00ea\u201d, diz para Manuela, que finge ser Isabela.<\/p>\n<p>Priscila chora, diz que sente inveja dela e que possui uma m\u00e3e (Safira) que nem liga para ela. Mateus conta uma hist\u00f3ria de terror e assusta a todos. Aparece uma cobra dentro da barraca das crian\u00e7as e todos gritam. Frederico aparece vestido de terno e segurando a B\u00edblia Sagrada. Lurdinha estranha.<\/p>\n<p>(*) edi\u00e7\u00e3o do SBT, Novela \u201cC\u00famplices de um Resgate\u201d, sujeito a altera\u00e7\u00e3o de data e conte\u00fado.<\/p>\n","protected":false},"excerpt":{"rendered":"<p>Resumo novela \u201cC\u00famplices de um Resgate\u201d 06\/09: no cap\u00edtulo 175(*) da novela, sexta-feira, 06 de setembro, Priscila liga para o av\u00f4 e pede autoriza\u00e7\u00e3o para passar a noite na casa de Regina. Fortunado permite, pois Priscila insiste muito. Enquanto isso, as crian\u00e7as descem do trem e v\u00e3o at\u00e9 uma loja, mas Felipe cai e bagun\u00e7a [&hellip;]<\/p>\n","protected":false},"author":4,"featured_media":164526,"comment_status":"open","ping_status":"closed","sticky":false,"template":"","format":"standard","meta":{"tdm_status":"","tdm_grid_status":"","footnotes":""},"categories":[379,372,343],"tags":[441],"class_list":{"0":"post-181570","1":"post","2":"type-post","3":"status-publish","4":"format-standard","5":"has-post-thumbnail","7":"category-novelas","8":"category-sbt","9":"category-televisao","10":"tag-resumo-do-dia"},"_links":{"self":[{"href":"https:\/\/migracao.redenoticia.com.br\/noticia\/wp-json\/wp\/v2\/posts\/181570","targetHints":{"allow":["GET"]}}],"collection":[{"href":"https:\/\/migracao.redenoticia.com.br\/noticia\/wp-json\/wp\/v2\/posts"}],"about":[{"href":"https:\/\/migracao.redenoticia.com.br\/noticia\/wp-json\/wp\/v2\/types\/post"}],"author":[{"embeddable":true,"href":"https:\/\/migracao.redenoticia.com.br\/noticia\/wp-json\/wp\/v2\/users\/4"}],"replies":[{"embeddable":true,"href":"https:\/\/migracao.redenoticia.com.br\/noticia\/wp-json\/wp\/v2\/comments?post=181570"}],"version-history":[{"count":0,"href":"https:\/\/migracao.redenoticia.com.br\/noticia\/wp-json\/wp\/v2\/posts\/181570\/revisions"}],"wp:featuredmedia":[{"embeddable":true,"href":"https:\/\/migracao.redenoticia.com.br\/noticia\/wp-json\/wp\/v2\/media\/164526"}],"wp:attachment":[{"href":"https:\/\/migracao.redenoticia.com.br\/noticia\/wp-json\/wp\/v2\/media?parent=181570"}],"wp:term":[{"taxonomy":"category","embeddable":true,"href":"https:\/\/migracao.redenoticia.com.br\/noticia\/wp-json\/wp\/v2\/categories?post=181570"},{"taxonomy":"post_tag","embeddable":true,"href":"https:\/\/migracao.redenoticia.com.br\/noticia\/wp-json\/wp\/v2\/tags?post=181570"}],"curies":[{"name":"wp","href":"https:\/\/api.w.org\/{rel}","templated":true}]}}