{"id":181586,"date":"2019-09-26T22:45:19","date_gmt":"2019-09-27T01:45:19","guid":{"rendered":"https:\/\/www.redenoticia.com.br\/noticia\/?p=181586"},"modified":"2019-09-26T22:45:29","modified_gmt":"2019-09-27T01:45:29","slug":"novela-bela-a-feia-veronica-faz-pouco-caso-da-morte-de-sheyla","status":"publish","type":"post","link":"https:\/\/migracao.redenoticia.com.br\/noticia\/2019\/novela-bela-a-feia-veronica-faz-pouco-caso-da-morte-de-sheyla\/181586","title":{"rendered":"Novela \u201cBela, a Feia\u201d: Ver\u00f4nica faz pouco caso da morte de Sheyla"},"content":{"rendered":"<p><img loading=\"lazy\" decoding=\"async\" class=\"aligncenter size-large wp-image-181280\" src=\"https:\/\/migracao.redenoticia.com.br\/noticia\/imagens\/bela-a-feia-resumo-final-novela-01-379x300.jpg\" alt=\"\" width=\"379\" height=\"300\" srcset=\"https:\/\/migracao.redenoticia.com.br\/noticia\/imagens\/bela-a-feia-resumo-final-novela-01-379x300.jpg 379w, https:\/\/migracao.redenoticia.com.br\/noticia\/imagens\/bela-a-feia-resumo-final-novela-01-236x187.jpg 236w, https:\/\/migracao.redenoticia.com.br\/noticia\/imagens\/bela-a-feia-resumo-final-novela-01.jpg 510w\" sizes=\"auto, (max-width: 379px) 100vw, 379px\" \/><\/p>\n<p><strong><em>Novela &#8220;Bela, a Feia\u201d:<\/em><\/strong> Ataulfo confunde Sheyla com Valentina e a sequestra. Ao perceber o erro, Ataulfo mata Sheyla e joga o corpo no mar. Logo depois, Ataulfo pede para que Dinho esque\u00e7a Sheyla, j\u00e1 que ela \u00e9 coisa do passado. Ele ainda pede para que o filho foque na verdadeira Valentina, que \u00e9 o pr\u00f3ximo alvo. M\u00e1rcia e Douglas reconhecem o corpo. Ela acredita que seja mais uma arma\u00e7\u00e3o de Dinho e Ataulfo.<\/p>\n<p>Dinor\u00e1 fica preocupada ao perceber a aus\u00eancia de Sheyla na ag\u00eancia. \u00cdcaro tenta ligar para Sheyla, mas n\u00e3o consegue. Haroldo fica irritado. M\u00e1rcia e Douglas, tensos, conversam sobre a morte de mais uma funcion\u00e1ria da Mais Brasil. \u00cdcaro fica com raiva de Sheyla, que n\u00e3o atende e ele acredita que ela esteja enrolando. Dinor\u00e1 est\u00e1 preocupada com a demora de Sheyla. Guto, Dinor\u00e1 e Samantha ficam surpresos ao verem M\u00e1rcia e Douglas chegarem \u00e0 ag\u00eancia.<\/p>\n<p>Magdalena, esbaforida, conta que Sheyla foi encontrada morta. \u00cdcaro n\u00e3o para de chorar. Haroldo, Elvira e Magdalena ficam emocionados quando \u00cdcaro revela que Sheyla foi o grande amor de sua vida. Todos os funcion\u00e1rios da Mais Brasil est\u00e3o reunidos quando os policiais anunciam o assassinato de Sheyla. Dinor\u00e1 desmaia. Todos est\u00e3o chocados. Dinor\u00e1 conta que Sheyla estava feliz porque ia encontrar Picasso, seu amor. Ver\u00f4nica faz pouco caso da morte de Sheyla. Luzia e Hort\u00eancia, preocupadas, temem que algo de ruim possa acontecer com elas tamb\u00e9m. Elvira e Magdalena consolam \u00cdcaro. Douglas e M\u00e1rcia confirmam que Sheyla morreu estrangulada e acreditam que seja mais um crime de Dinho e Ataulfo.<\/p>\n<p>Sinopse \u201cA Dona do Peda\u00e7o\u201d: Bela (Gisele Iti\u00e9) \u00e9 uma jovem competente e esfor\u00e7ada, que tem boa forma\u00e7\u00e3o acad\u00eamica, mas n\u00e3o consegue emprego por ter uma apar\u00eancia considerada feia. Na inf\u00e2ncia Bela formava uma dupla humor\u00edstica com Dinho (Thierry Figueira), no qual sua feiura era sempre o motivo dos deboches e das piadas, sendo empresariados pelo pai do garoto, Ataufo (Andr\u00e9 Mattos). Os dois fugiram com o dinheiro que recebiam dos shows e passaram toda a vida dando golpe nas pessoas e evitando a pris\u00e3o com diversos disfarces e identidades diferentes.<\/p>\n","protected":false},"excerpt":{"rendered":"<p>Novela &#8220;Bela, a Feia\u201d: Ataulfo confunde Sheyla com Valentina e a sequestra. Ao perceber o erro, Ataulfo mata Sheyla e joga o corpo no mar. Logo depois, Ataulfo pede para que Dinho esque\u00e7a Sheyla, j\u00e1 que ela \u00e9 coisa do passado. Ele ainda pede para que o filho foque na verdadeira Valentina, que \u00e9 o [&hellip;]<\/p>\n","protected":false},"author":2,"featured_media":158370,"comment_status":"open","ping_status":"closed","sticky":false,"template":"","format":"standard","meta":{"tdm_status":"","tdm_grid_status":"","footnotes":""},"categories":[379,371,343],"tags":[440],"class_list":{"0":"post-181586","1":"post","2":"type-post","3":"status-publish","4":"format-standard","5":"has-post-thumbnail","7":"category-novelas","8":"category-rede-record","9":"category-televisao","10":"tag-noticia-novela"},"_links":{"self":[{"href":"https:\/\/migracao.redenoticia.com.br\/noticia\/wp-json\/wp\/v2\/posts\/181586","targetHints":{"allow":["GET"]}}],"collection":[{"href":"https:\/\/migracao.redenoticia.com.br\/noticia\/wp-json\/wp\/v2\/posts"}],"about":[{"href":"https:\/\/migracao.redenoticia.com.br\/noticia\/wp-json\/wp\/v2\/types\/post"}],"author":[{"embeddable":true,"href":"https:\/\/migracao.redenoticia.com.br\/noticia\/wp-json\/wp\/v2\/users\/2"}],"replies":[{"embeddable":true,"href":"https:\/\/migracao.redenoticia.com.br\/noticia\/wp-json\/wp\/v2\/comments?post=181586"}],"version-history":[{"count":0,"href":"https:\/\/migracao.redenoticia.com.br\/noticia\/wp-json\/wp\/v2\/posts\/181586\/revisions"}],"wp:featuredmedia":[{"embeddable":true,"href":"https:\/\/migracao.redenoticia.com.br\/noticia\/wp-json\/wp\/v2\/media\/158370"}],"wp:attachment":[{"href":"https:\/\/migracao.redenoticia.com.br\/noticia\/wp-json\/wp\/v2\/media?parent=181586"}],"wp:term":[{"taxonomy":"category","embeddable":true,"href":"https:\/\/migracao.redenoticia.com.br\/noticia\/wp-json\/wp\/v2\/categories?post=181586"},{"taxonomy":"post_tag","embeddable":true,"href":"https:\/\/migracao.redenoticia.com.br\/noticia\/wp-json\/wp\/v2\/tags?post=181586"}],"curies":[{"name":"wp","href":"https:\/\/api.w.org\/{rel}","templated":true}]}}